{"id":1689,"date":"2025-06-06T06:23:23","date_gmt":"2025-06-06T06:23:23","guid":{"rendered":"https:\/\/reparacionsvic.com\/?p=1689"},"modified":"2025-06-09T10:30:45","modified_gmt":"2025-06-09T10:30:45","slug":"dilluns-dia-28-serem-presents-a-la-presentacio-de-les-escombradores-egholm","status":"publish","type":"post","link":"https:\/\/reparacionsvic.com\/es\/dilluns-dia-28-serem-presents-a-la-presentacio-de-les-escombradores-egholm\/","title":{"rendered":"El lunes d\u00eda 28 estaremos presentes en la presentaci\u00f3n de las barredoras EGHOLM."},"content":{"rendered":"<div data-elementor-type=\"wp-post\" data-elementor-id=\"1689\" class=\"elementor elementor-1689\" data-elementor-post-type=\"post\">\n\t\t\t\t<div class=\"elementor-element elementor-element-b0cee99 e-flex e-con-boxed e-con e-parent\" data-id=\"b0cee99\" data-element_type=\"container\" data-settings=\"{&quot;background_background&quot;:&quot;classic&quot;}\">\n\t\t\t\t\t<div class=\"e-con-inner\">\n\t\t\t\t<div class=\"elementor-element elementor-element-314b9f7 elementor-icon-list--layout-inline animated-slow elementor-list-item-link-full_width elementor-invisible elementor-widget elementor-widget-icon-list\" data-id=\"314b9f7\" data-element_type=\"widget\" data-settings=\"{&quot;_animation&quot;:&quot;fadeIn&quot;}\" data-widget_type=\"icon-list.default\">\n\t\t\t\t<div class=\"elementor-widget-container\">\n\t\t\t\t\t\t\t<ul class=\"elementor-icon-list-items elementor-inline-items\">\n\t\t\t\t\t\t\t<li class=\"elementor-icon-list-item elementor-inline-item\">\n\t\t\t\t\t\t\t\t\t\t\t<a href=\"https:\/\/reparacionsvic.com\/es\">\n\n\t\t\t\t\t\t\t\t\t\t\t<span class=\"elementor-icon-list-text\">Inicio<\/span>\n\t\t\t\t\t\t\t\t\t\t\t<\/a>\n\t\t\t\t\t\t\t\t\t<\/li>\n\t\t\t\t\t\t\t\t<li class=\"elementor-icon-list-item elementor-inline-item\">\n\t\t\t\t\t\t\t\t\t\t\t<a href=\"https:\/\/reparacionsvic.com\/es\/noticies\/\">\n\n\t\t\t\t\t\t\t\t\t\t\t<span class=\"elementor-icon-list-text\">Noticias<\/span>\n\t\t\t\t\t\t\t\t\t\t\t<\/a>\n\t\t\t\t\t\t\t\t\t<\/li>\n\t\t\t\t\t\t<\/ul>\n\t\t\t\t\t\t<\/div>\n\t\t\t\t<\/div>\n\t\t\t\t<div class=\"elementor-element elementor-element-661babc animated-slow elementor-invisible elementor-widget elementor-widget-heading\" data-id=\"661babc\" data-element_type=\"widget\" data-settings=\"{&quot;_animation&quot;:&quot;fadeInDown&quot;}\" data-widget_type=\"heading.default\">\n\t\t\t\t<div class=\"elementor-widget-container\">\n\t\t\t\t\t<h1 class=\"elementor-heading-title elementor-size-default\">El lunes d\u00eda 28 estaremos presentes en la presentaci\u00f3n de las barredoras EGHOLM.<\/h1>\t\t\t\t<\/div>\n\t\t\t\t<\/div>\n\t\t\t\t\t<\/div>\n\t\t\t\t<\/div>\n\t\t<div class=\"elementor-element elementor-element-4ec924f3 e-flex e-con-boxed e-con e-parent\" data-id=\"4ec924f3\" data-element_type=\"container\">\n\t\t\t\t\t<div class=\"e-con-inner\">\n\t\t\t\t<div class=\"elementor-element elementor-element-748fca64 elementor-widget elementor-widget-text-editor\" data-id=\"748fca64\" data-element_type=\"widget\" data-widget_type=\"text-editor.default\">\n\t\t\t\t<div class=\"elementor-widget-container\">\n\t\t\t\t\t\t\t\t\t<p>Este pr\u00f3ximo Lunes d\u00eda 28 de Marzo, Reparaciones Vic estar\u00e1 presente en la presentaci\u00f3n de la nueva gama EGHOLM.<\/p>\t\t\t\t\t\t\t\t<\/div>\n\t\t\t\t<\/div>\n\t\t\t\t\t<\/div>\n\t\t\t\t<\/div>\n\t\t\t\t<\/div>","protected":false},"excerpt":{"rendered":"<p>Inicio Noticias Este pr\u00f3ximo Lunes d\u00eda 28 de Marzo, Reparaciones Vic estar\u00e1 presente en la presentaci\u00f3n de la nueva gama EGHOLM.<\/p>","protected":false},"author":3,"featured_media":1690,"comment_status":"closed","ping_status":"closed","sticky":false,"template":"","format":"standard","meta":{"_acf_changed":false,"footnotes":""},"categories":[1],"tags":[],"class_list":["post-1689","post","type-post","status-publish","format-standard","has-post-thumbnail","hentry","category-blog"],"acf":[],"yoast_head":"<!-- This site is optimized with the Yoast SEO plugin v26.1.1 - https:\/\/yoast.com\/wordpress\/plugins\/seo\/ -->\n<title>Dilluns dia 28 serem presents a la presentaci\u00f3 de les escombradores EGHOLM . - Reparacions Vic<\/title>\n<meta name=\"robots\" content=\"index, follow, max-snippet:-1, max-image-preview:large, max-video-preview:-1\" \/>\n<link rel=\"canonical\" href=\"https:\/\/reparacionsvic.com\/es\/dilluns-dia-28-serem-presents-a-la-presentacio-de-les-escombradores-egholm\/\" \/>\n<meta property=\"og:locale\" content=\"es_ES\" \/>\n<meta property=\"og:type\" content=\"article\" \/>\n<meta property=\"og:title\" content=\"Dilluns dia 28 serem presents a la presentaci\u00f3 de les escombradores EGHOLM . - Reparacions Vic\" \/>\n<meta property=\"og:description\" content=\"Inici Not\u00edcies Aquest proper Dilluns dia\u00a0 28 de Mar\u00e7 , Reparacions Vic ser\u00e0 present a la presentaci\u00f3 de la nova gama EGHOLM.\" \/>\n<meta property=\"og:url\" content=\"https:\/\/reparacionsvic.com\/es\/dilluns-dia-28-serem-presents-a-la-presentacio-de-les-escombradores-egholm\/\" \/>\n<meta property=\"og:site_name\" content=\"Reparacions Vic\" \/>\n<meta property=\"article:published_time\" content=\"2025-06-06T06:23:23+00:00\" \/>\n<meta property=\"article:modified_time\" content=\"2025-06-09T10:30:45+00:00\" \/>\n<meta property=\"og:image\" content=\"https:\/\/reparacionsvic.com\/wp-content\/uploads\/2025\/06\/escombradora-870x420-1.png\" \/>\n\t<meta property=\"og:image:width\" content=\"870\" \/>\n\t<meta property=\"og:image:height\" content=\"420\" \/>\n\t<meta property=\"og:image:type\" content=\"image\/png\" \/>\n<meta name=\"author\" content=\"Onlinevalles\" \/>\n<meta name=\"twitter:card\" content=\"summary_large_image\" \/>\n<meta name=\"twitter:label1\" content=\"Escrito por\" \/>\n\t<meta name=\"twitter:data1\" content=\"Onlinevalles\" \/>\n\t<meta name=\"twitter:label2\" content=\"Tiempo de lectura\" \/>\n\t<meta name=\"twitter:data2\" content=\"1 minuto\" \/>\n<script type=\"application\/ld+json\" class=\"yoast-schema-graph\">{\"@context\":\"https:\/\/schema.org\",\"@graph\":[{\"@type\":\"WebPage\",\"@id\":\"https:\/\/reparacionsvic.com\/dilluns-dia-28-serem-presents-a-la-presentacio-de-les-escombradores-egholm\/\",\"url\":\"https:\/\/reparacionsvic.com\/dilluns-dia-28-serem-presents-a-la-presentacio-de-les-escombradores-egholm\/\",\"name\":\"Dilluns dia 28 serem presents a la presentaci\u00f3 de les escombradores EGHOLM . - Reparacions Vic\",\"isPartOf\":{\"@id\":\"https:\/\/reparacionsvic.com\/#website\"},\"primaryImageOfPage\":{\"@id\":\"https:\/\/reparacionsvic.com\/dilluns-dia-28-serem-presents-a-la-presentacio-de-les-escombradores-egholm\/#primaryimage\"},\"image\":{\"@id\":\"https:\/\/reparacionsvic.com\/dilluns-dia-28-serem-presents-a-la-presentacio-de-les-escombradores-egholm\/#primaryimage\"},\"thumbnailUrl\":\"https:\/\/reparacionsvic.com\/wp-content\/uploads\/2025\/06\/escombradora-870x420-1.png\",\"datePublished\":\"2025-06-06T06:23:23+00:00\",\"dateModified\":\"2025-06-09T10:30:45+00:00\",\"author\":{\"@id\":\"https:\/\/reparacionsvic.com\/#\/schema\/person\/bcfdfba75c12de5066de4573230dae54\"},\"breadcrumb\":{\"@id\":\"https:\/\/reparacionsvic.com\/dilluns-dia-28-serem-presents-a-la-presentacio-de-les-escombradores-egholm\/#breadcrumb\"},\"inLanguage\":\"es\",\"potentialAction\":[{\"@type\":\"ReadAction\",\"target\":[\"https:\/\/reparacionsvic.com\/dilluns-dia-28-serem-presents-a-la-presentacio-de-les-escombradores-egholm\/\"]}]},{\"@type\":\"ImageObject\",\"inLanguage\":\"es\",\"@id\":\"https:\/\/reparacionsvic.com\/dilluns-dia-28-serem-presents-a-la-presentacio-de-les-escombradores-egholm\/#primaryimage\",\"url\":\"https:\/\/reparacionsvic.com\/wp-content\/uploads\/2025\/06\/escombradora-870x420-1.png\",\"contentUrl\":\"https:\/\/reparacionsvic.com\/wp-content\/uploads\/2025\/06\/escombradora-870x420-1.png\",\"width\":870,\"height\":420},{\"@type\":\"BreadcrumbList\",\"@id\":\"https:\/\/reparacionsvic.com\/dilluns-dia-28-serem-presents-a-la-presentacio-de-les-escombradores-egholm\/#breadcrumb\",\"itemListElement\":[{\"@type\":\"ListItem\",\"position\":1,\"name\":\"Inici\",\"item\":\"https:\/\/reparacionsvic.com\/\"},{\"@type\":\"ListItem\",\"position\":2,\"name\":\"Dilluns dia 28 serem presents a la presentaci\u00f3 de les escombradores EGHOLM .\"}]},{\"@type\":\"WebSite\",\"@id\":\"https:\/\/reparacionsvic.com\/#website\",\"url\":\"https:\/\/reparacionsvic.com\/\",\"name\":\"Reparacions vic\",\"description\":\"Venta, lloguer i reparaci\u00f3 de maquin\u00e0ria a Vic\",\"potentialAction\":[{\"@type\":\"SearchAction\",\"target\":{\"@type\":\"EntryPoint\",\"urlTemplate\":\"https:\/\/reparacionsvic.com\/?s={search_term_string}\"},\"query-input\":{\"@type\":\"PropertyValueSpecification\",\"valueRequired\":true,\"valueName\":\"search_term_string\"}}],\"inLanguage\":\"es\"},{\"@type\":\"Person\",\"@id\":\"https:\/\/reparacionsvic.com\/#\/schema\/person\/bcfdfba75c12de5066de4573230dae54\",\"name\":\"Onlinevalles\",\"url\":\"https:\/\/reparacionsvic.com\/es\/author\/onlinevalles\/\"}]}<\/script>\n<!-- \/ Yoast SEO plugin. -->","yoast_head_json":{"title":"Dilluns dia 28 serem presents a la presentaci\u00f3 de les escombradores EGHOLM . - Reparacions Vic","robots":{"index":"index","follow":"follow","max-snippet":"max-snippet:-1","max-image-preview":"max-image-preview:large","max-video-preview":"max-video-preview:-1"},"canonical":"https:\/\/reparacionsvic.com\/es\/dilluns-dia-28-serem-presents-a-la-presentacio-de-les-escombradores-egholm\/","og_locale":"es_ES","og_type":"article","og_title":"Dilluns dia 28 serem presents a la presentaci\u00f3 de les escombradores EGHOLM . - Reparacions Vic","og_description":"Inici Not\u00edcies Aquest proper Dilluns dia\u00a0 28 de Mar\u00e7 , Reparacions Vic ser\u00e0 present a la presentaci\u00f3 de la nova gama EGHOLM.","og_url":"https:\/\/reparacionsvic.com\/es\/dilluns-dia-28-serem-presents-a-la-presentacio-de-les-escombradores-egholm\/","og_site_name":"Reparacions Vic","article_published_time":"2025-06-06T06:23:23+00:00","article_modified_time":"2025-06-09T10:30:45+00:00","og_image":[{"width":870,"height":420,"url":"https:\/\/reparacionsvic.com\/wp-content\/uploads\/2025\/06\/escombradora-870x420-1.png","type":"image\/png"}],"author":"Onlinevalles","twitter_card":"summary_large_image","twitter_misc":{"Escrito por":"Onlinevalles","Tiempo de lectura":"1 minuto"},"schema":{"@context":"https:\/\/schema.org","@graph":[{"@type":"WebPage","@id":"https:\/\/reparacionsvic.com\/dilluns-dia-28-serem-presents-a-la-presentacio-de-les-escombradores-egholm\/","url":"https:\/\/reparacionsvic.com\/dilluns-dia-28-serem-presents-a-la-presentacio-de-les-escombradores-egholm\/","name":"Dilluns dia 28 serem presents a la presentaci\u00f3 de les escombradores EGHOLM . - Reparacions Vic","isPartOf":{"@id":"https:\/\/reparacionsvic.com\/#website"},"primaryImageOfPage":{"@id":"https:\/\/reparacionsvic.com\/dilluns-dia-28-serem-presents-a-la-presentacio-de-les-escombradores-egholm\/#primaryimage"},"image":{"@id":"https:\/\/reparacionsvic.com\/dilluns-dia-28-serem-presents-a-la-presentacio-de-les-escombradores-egholm\/#primaryimage"},"thumbnailUrl":"https:\/\/reparacionsvic.com\/wp-content\/uploads\/2025\/06\/escombradora-870x420-1.png","datePublished":"2025-06-06T06:23:23+00:00","dateModified":"2025-06-09T10:30:45+00:00","author":{"@id":"https:\/\/reparacionsvic.com\/#\/schema\/person\/bcfdfba75c12de5066de4573230dae54"},"breadcrumb":{"@id":"https:\/\/reparacionsvic.com\/dilluns-dia-28-serem-presents-a-la-presentacio-de-les-escombradores-egholm\/#breadcrumb"},"inLanguage":"es","potentialAction":[{"@type":"ReadAction","target":["https:\/\/reparacionsvic.com\/dilluns-dia-28-serem-presents-a-la-presentacio-de-les-escombradores-egholm\/"]}]},{"@type":"ImageObject","inLanguage":"es","@id":"https:\/\/reparacionsvic.com\/dilluns-dia-28-serem-presents-a-la-presentacio-de-les-escombradores-egholm\/#primaryimage","url":"https:\/\/reparacionsvic.com\/wp-content\/uploads\/2025\/06\/escombradora-870x420-1.png","contentUrl":"https:\/\/reparacionsvic.com\/wp-content\/uploads\/2025\/06\/escombradora-870x420-1.png","width":870,"height":420},{"@type":"BreadcrumbList","@id":"https:\/\/reparacionsvic.com\/dilluns-dia-28-serem-presents-a-la-presentacio-de-les-escombradores-egholm\/#breadcrumb","itemListElement":[{"@type":"ListItem","position":1,"name":"Inici","item":"https:\/\/reparacionsvic.com\/"},{"@type":"ListItem","position":2,"name":"Dilluns dia 28 serem presents a la presentaci\u00f3 de les escombradores EGHOLM ."}]},{"@type":"WebSite","@id":"https:\/\/reparacionsvic.com\/#website","url":"https:\/\/reparacionsvic.com\/","name":"Reparaciones vic","description":"Venta, alquiler y reparaci\u00f3n de maquinaria en Vic","potentialAction":[{"@type":"SearchAction","target":{"@type":"EntryPoint","urlTemplate":"https:\/\/reparacionsvic.com\/?s={search_term_string}"},"query-input":{"@type":"PropertyValueSpecification","valueRequired":true,"valueName":"search_term_string"}}],"inLanguage":"es"},{"@type":"Person","@id":"https:\/\/reparacionsvic.com\/#\/schema\/person\/bcfdfba75c12de5066de4573230dae54","name":"Onlinevallas","url":"https:\/\/reparacionsvic.com\/es\/author\/onlinevalles\/"}]}},"_links":{"self":[{"href":"https:\/\/reparacionsvic.com\/es\/wp-json\/wp\/v2\/posts\/1689","targetHints":{"allow":["GET"]}}],"collection":[{"href":"https:\/\/reparacionsvic.com\/es\/wp-json\/wp\/v2\/posts"}],"about":[{"href":"https:\/\/reparacionsvic.com\/es\/wp-json\/wp\/v2\/types\/post"}],"author":[{"embeddable":true,"href":"https:\/\/reparacionsvic.com\/es\/wp-json\/wp\/v2\/users\/3"}],"replies":[{"embeddable":true,"href":"https:\/\/reparacionsvic.com\/es\/wp-json\/wp\/v2\/comments?post=1689"}],"version-history":[{"count":5,"href":"https:\/\/reparacionsvic.com\/es\/wp-json\/wp\/v2\/posts\/1689\/revisions"}],"predecessor-version":[{"id":1740,"href":"https:\/\/reparacionsvic.com\/es\/wp-json\/wp\/v2\/posts\/1689\/revisions\/1740"}],"wp:featuredmedia":[{"embeddable":true,"href":"https:\/\/reparacionsvic.com\/es\/wp-json\/wp\/v2\/media\/1690"}],"wp:attachment":[{"href":"https:\/\/reparacionsvic.com\/es\/wp-json\/wp\/v2\/media?parent=1689"}],"wp:term":[{"taxonomy":"category","embeddable":true,"href":"https:\/\/reparacionsvic.com\/es\/wp-json\/wp\/v2\/categories?post=1689"},{"taxonomy":"post_tag","embeddable":true,"href":"https:\/\/reparacionsvic.com\/es\/wp-json\/wp\/v2\/tags?post=1689"}],"curies":[{"name":"wp","href":"https:\/\/api.w.org\/{rel}","templated":true}]}}