{"id":1789,"date":"2025-06-20T11:33:33","date_gmt":"2025-06-20T11:33:33","guid":{"rendered":"https:\/\/reparacionsvic.com\/?p=1789"},"modified":"2025-06-26T12:13:05","modified_gmt":"2025-06-26T12:13:05","slug":"maquinaria-agricola-usada-una-opcio-eficient-intelligent-i-sostenible","status":"publish","type":"post","link":"https:\/\/reparacionsvic.com\/es\/maquinaria-agricola-usada-una-opcio-eficient-intelligent-i-sostenible\/","title":{"rendered":"Maquinaria agr\u00edcola usada: una opci\u00f3n eficiente, inteligente y sostenible\u00a0"},"content":{"rendered":"<h2 style=\"text-align: justify;\"><b><span data-contrast=\"auto\">Beneficio econ\u00f3mico y medioambiental<\/span><\/b><span data-ccp-props=\"{&quot;335551550&quot;:6,&quot;335551620&quot;:6}\">\u00a0<\/span><\/h2>\n<p style=\"text-align: justify;\"><span data-contrast=\"auto\">En un contexto agr\u00edcola cada vez m\u00e1s exigente, encontrar la f\u00f3rmula ideal entre rentabilidad y funcionalidad es fundamental. <\/span><a href=\"https:\/\/reparacionsvic.com\/es\/maquina-usada\/\"><b><span data-contrast=\"auto\">maquinaria agr\u00edcola usada<\/span><\/b><\/a><span data-contrast=\"auto\"> se ha convertido en una soluci\u00f3n inteligente para muchos agricultores catalanes, especialmente en la zona de Vic y cercan\u00edas, que buscan maximizar el rendimiento con una inversi\u00f3n ajustada.<\/span><span data-ccp-props=\"{&quot;134233117&quot;:false,&quot;134233118&quot;:false,&quot;335551550&quot;:6,&quot;335551620&quot;:6,&quot;335559738&quot;:240,&quot;335559739&quot;:240}\">\u00a0<\/span><\/p>\n<p style=\"text-align: justify;\"><span data-contrast=\"auto\">Lejos de ser una opci\u00f3n de &quot;segunda&quot;, la maquinaria de ocasi\u00f3n es una pieza clave para modernizar explotaciones agr\u00edcolas sin hipotecar el futuro. En<\/span><b><span data-contrast=\"auto\"> Reparaciones Vic<\/span><\/b><span data-contrast=\"auto\">, no s\u00f3lo se comercializan estos equipos: tambi\u00e9n se reparan, se ponen a punto y se adaptan a las necesidades espec\u00edficas de cada cliente.<\/span><span data-ccp-props=\"{&quot;134233117&quot;:false,&quot;134233118&quot;:false,&quot;335551550&quot;:6,&quot;335551620&quot;:6,&quot;335559738&quot;:240,&quot;335559739&quot;:240}\">\u00a0<\/span><\/p>\n<p><img fetchpriority=\"high\" decoding=\"async\" class=\"aligncenter wp-image-1791 size-full\" src=\"https:\/\/reparacionsvic.com\/wp-content\/uploads\/2025\/06\/maquinaria-agricola-usada-1.jpg\" alt=\"tractor\" width=\"1200\" height=\"675\" srcset=\"https:\/\/reparacionsvic.com\/wp-content\/uploads\/2025\/06\/maquinaria-agricola-usada-1.jpg 1200w, https:\/\/reparacionsvic.com\/wp-content\/uploads\/2025\/06\/maquinaria-agricola-usada-1-300x169.jpg 300w, https:\/\/reparacionsvic.com\/wp-content\/uploads\/2025\/06\/maquinaria-agricola-usada-1-1024x576.jpg 1024w, https:\/\/reparacionsvic.com\/wp-content\/uploads\/2025\/06\/maquinaria-agricola-usada-1-768x432.jpg 768w, https:\/\/reparacionsvic.com\/wp-content\/uploads\/2025\/06\/maquinaria-agricola-usada-1-18x10.jpg 18w\" sizes=\"(max-width: 1200px) 100vw, 1200px\" \/><\/p>\n<h2 style=\"text-align: justify;\" aria-level=\"2\"><b><span data-contrast=\"auto\">Ventajas reales de la maquinaria agr\u00edcola usada<\/span><\/b><span data-ccp-props=\"{&quot;134233117&quot;:false,&quot;134233118&quot;:false,&quot;134245418&quot;:true,&quot;134245529&quot;:true,&quot;335551550&quot;:6,&quot;335551620&quot;:6,&quot;335559738&quot;:299,&quot;335559739&quot;:299}\">\u00a0<\/span><\/h2>\n<h3 style=\"text-align: justify;\" aria-level=\"3\"><b><span data-contrast=\"auto\">Ahorro econ\u00f3mico considerable<\/span><\/b><span data-ccp-props=\"{&quot;134233117&quot;:false,&quot;134233118&quot;:false,&quot;134245418&quot;:true,&quot;134245529&quot;:true,&quot;335551550&quot;:6,&quot;335551620&quot;:6,&quot;335559738&quot;:281,&quot;335559739&quot;:281}\">\u00a0<\/span><\/h3>\n<p style=\"text-align: justify;\"><span data-contrast=\"auto\">Comprar <\/span><b><span data-contrast=\"auto\">maquinaria agr\u00edcola usada<\/span><\/b><span data-contrast=\"auto\"> puede reducir el gasto inicial entre un 40 % y un 70 %. Esta diferencia supone un alivio econ\u00f3mico importante, especialmente para explotaciones peque\u00f1as o medianas, que a menudo no pueden afrontar el coste de una nueva m\u00e1quina.<\/span><span data-ccp-props=\"{&quot;134233117&quot;:false,&quot;134233118&quot;:false,&quot;335551550&quot;:6,&quot;335551620&quot;:6,&quot;335559738&quot;:240,&quot;335559739&quot;:240}\">\u00a0<\/span><\/p>\n<p style=\"text-align: justify;\"><span data-contrast=\"auto\">Adem\u00e1s, si el equipo est\u00e1 bien mantenido y revisado puede tener una vida \u00fatil muy larga. En <\/span><span data-contrast=\"auto\"><a href=\"https:\/\/reparacionsvic.com\/es\/reparacions\/\">Reparaciones Vic<\/a>,<\/span><span data-contrast=\"auto\"> cada m\u00e1quina usada se vende despu\u00e9s de un proceso completo de diagnosis, reparaci\u00f3n y puesta a punto.<\/span><span data-ccp-props=\"{&quot;134233117&quot;:false,&quot;134233118&quot;:false,&quot;335551550&quot;:6,&quot;335551620&quot;:6,&quot;335559738&quot;:240,&quot;335559739&quot;:240}\">\u00a0<\/span><\/p>\n<h3 style=\"text-align: justify;\" aria-level=\"3\"><b><span data-contrast=\"auto\">Sostenibilidad ambiental<\/span><\/b><span data-ccp-props=\"{&quot;134233117&quot;:false,&quot;134233118&quot;:false,&quot;134245418&quot;:true,&quot;134245529&quot;:true,&quot;335551550&quot;:6,&quot;335551620&quot;:6,&quot;335559738&quot;:281,&quot;335559739&quot;:281}\">\u00a0<\/span><\/h3>\n<p style=\"text-align: justify;\"><span data-contrast=\"auto\">Dar una segunda vida a una m\u00e1quina significa reducir el consumo de recursos naturales y la generaci\u00f3n de residuos. El sector agr\u00edcola tambi\u00e9n puede contribuir a la lucha contra el cambio clim\u00e1tico, y comprar <\/span><b><span data-contrast=\"auto\">maquinaria agr\u00edcola usada<\/span><\/b><span data-contrast=\"auto\"> es una forma directa de hacerlo.<\/span><span data-ccp-props=\"{&quot;134233117&quot;:false,&quot;134233118&quot;:false,&quot;335551550&quot;:6,&quot;335551620&quot;:6,&quot;335559738&quot;:240,&quot;335559739&quot;:240}\">\u00a0<\/span><\/p>\n<h3 style=\"text-align: justify;\" aria-level=\"3\"><b><span data-contrast=\"auto\">Disponibilidad inmediata y adaptabilidad<\/span><\/b><span data-ccp-props=\"{&quot;134233117&quot;:false,&quot;134233118&quot;:false,&quot;134245418&quot;:true,&quot;134245529&quot;:true,&quot;335551550&quot;:6,&quot;335551620&quot;:6,&quot;335559738&quot;:281,&quot;335559739&quot;:281}\">\u00a0<\/span><\/h3>\n<p style=\"text-align: justify;\"><span data-contrast=\"auto\">Los equipos nuevos a menudo tienen largos plazos de entrega. Con maquinaria usada, la entrega es pr\u00e1cticamente inmediata, permitiendo actuar en momentos clave del calendario agr\u00edcola. Adem\u00e1s, muchos de estos equipos ya est\u00e1n adaptados a las condiciones locales y pueden ser <a href=\"https:\/\/reparacionsvic.com\/es\/reparacions\/\">m\u00e1s f\u00e1ciles de reparar<\/a>r.<\/span><span data-ccp-props=\"{&quot;134233117&quot;:false,&quot;134233118&quot;:false,&quot;335551550&quot;:6,&quot;335551620&quot;:6,&quot;335559738&quot;:240,&quot;335559739&quot;:240}\">\u00a0<\/span><\/p>\n<h3 style=\"text-align: justify;\" aria-level=\"2\"><b><span data-contrast=\"auto\">\u00bfPor qu\u00e9 el mercado de maquinaria usada tiene \u00e9xito?<\/span><\/b><span data-ccp-props=\"{&quot;134233117&quot;:false,&quot;134233118&quot;:false,&quot;134245418&quot;:true,&quot;134245529&quot;:true,&quot;335551550&quot;:6,&quot;335551620&quot;:6,&quot;335559738&quot;:299,&quot;335559739&quot;:299}\">\u00a0<\/span><\/h3>\n<ul style=\"text-align: justify;\">\n<li data-leveltext=\"\uf0b7\" data-font=\"Symbol\" data-listid=\"2\" data-list-defn-props=\"{&quot;335552541&quot;:1,&quot;335559685&quot;:720,&quot;335559991&quot;:360,&quot;469769226&quot;:&quot;Symbol&quot;,&quot;469769242&quot;:[8226],&quot;469777803&quot;:&quot;left&quot;,&quot;469777804&quot;:&quot;\uf0b7&quot;,&quot;469777815&quot;:&quot;hybridMultilevel&quot;}\" aria-setsize=\"-1\" data-aria-posinset=\"1\" data-aria-level=\"1\"><span data-contrast=\"auto\">Aumento del precio de la maquinaria nueva<\/span><span data-ccp-props=\"{&quot;134233117&quot;:false,&quot;134233118&quot;:false,&quot;335551550&quot;:6,&quot;335551620&quot;:6,&quot;335559738&quot;:240,&quot;335559739&quot;:240}\">\u00a0<\/span><\/li>\n<\/ul>\n<ul style=\"text-align: justify;\">\n<li data-leveltext=\"\uf0b7\" data-font=\"Symbol\" data-listid=\"2\" data-list-defn-props=\"{&quot;335552541&quot;:1,&quot;335559685&quot;:720,&quot;335559991&quot;:360,&quot;469769226&quot;:&quot;Symbol&quot;,&quot;469769242&quot;:[8226],&quot;469777803&quot;:&quot;left&quot;,&quot;469777804&quot;:&quot;\uf0b7&quot;,&quot;469777815&quot;:&quot;hybridMultilevel&quot;}\" aria-setsize=\"-1\" data-aria-posinset=\"2\" data-aria-level=\"1\"><span data-contrast=\"auto\">M\u00e1s concienciaci\u00f3n ambiental<\/span><span data-ccp-props=\"{&quot;134233117&quot;:false,&quot;134233118&quot;:false,&quot;335551550&quot;:6,&quot;335551620&quot;:6,&quot;335559738&quot;:240,&quot;335559739&quot;:240}\">\u00a0<\/span><\/li>\n<\/ul>\n<ul style=\"text-align: justify;\">\n<li data-leveltext=\"\uf0b7\" data-font=\"Symbol\" data-listid=\"2\" data-list-defn-props=\"{&quot;335552541&quot;:1,&quot;335559685&quot;:720,&quot;335559991&quot;:360,&quot;469769226&quot;:&quot;Symbol&quot;,&quot;469769242&quot;:[8226],&quot;469777803&quot;:&quot;left&quot;,&quot;469777804&quot;:&quot;\uf0b7&quot;,&quot;469777815&quot;:&quot;hybridMultilevel&quot;}\" aria-setsize=\"-1\" data-aria-posinset=\"3\" data-aria-level=\"1\"><span data-contrast=\"auto\">Escasez de componentes nuevos (postpandemia)<\/span><span data-ccp-props=\"{&quot;134233117&quot;:false,&quot;134233118&quot;:false,&quot;335551550&quot;:6,&quot;335551620&quot;:6,&quot;335559738&quot;:240,&quot;335559739&quot;:240}\">\u00a0<\/span><\/li>\n<\/ul>\n<ul style=\"text-align: justify;\">\n<li data-leveltext=\"\uf0b7\" data-font=\"Symbol\" data-listid=\"2\" data-list-defn-props=\"{&quot;335552541&quot;:1,&quot;335559685&quot;:720,&quot;335559991&quot;:360,&quot;469769226&quot;:&quot;Symbol&quot;,&quot;469769242&quot;:[8226],&quot;469777803&quot;:&quot;left&quot;,&quot;469777804&quot;:&quot;\uf0b7&quot;,&quot;469777815&quot;:&quot;hybridMultilevel&quot;}\" aria-setsize=\"-1\" data-aria-posinset=\"4\" data-aria-level=\"1\"><span data-contrast=\"auto\">Incremento de la demanda de repuestos y servicios t\u00e9cnicos r\u00e1pidos<\/span><span data-ccp-props=\"{&quot;134233117&quot;:false,&quot;134233118&quot;:false,&quot;335551550&quot;:6,&quot;335551620&quot;:6,&quot;335559738&quot;:240,&quot;335559739&quot;:240}\">\u00a0<\/span><\/li>\n<\/ul>\n<p style=\"text-align: justify;\"><span data-contrast=\"auto\">Esta tendencia ha consolidado talleres como Reparacions Vic, donde combinamos el conocimiento mec\u00e1nico con la venta responsable de equipos de ocasi\u00f3n.<\/span><\/p>\n<p style=\"text-align: justify;\"><span data-ccp-props=\"{&quot;134233117&quot;:false,&quot;134233118&quot;:false,&quot;335551550&quot;:6,&quot;335551620&quot;:6,&quot;335559738&quot;:240,&quot;335559739&quot;:240}\"><img decoding=\"async\" class=\"aligncenter wp-image-1792 size-full\" src=\"https:\/\/reparacionsvic.com\/wp-content\/uploads\/2025\/06\/maquinaria-agricola-usada-2.jpg\" alt=\"\" width=\"1200\" height=\"675\" srcset=\"https:\/\/reparacionsvic.com\/wp-content\/uploads\/2025\/06\/maquinaria-agricola-usada-2.jpg 1200w, https:\/\/reparacionsvic.com\/wp-content\/uploads\/2025\/06\/maquinaria-agricola-usada-2-300x169.jpg 300w, https:\/\/reparacionsvic.com\/wp-content\/uploads\/2025\/06\/maquinaria-agricola-usada-2-1024x576.jpg 1024w, https:\/\/reparacionsvic.com\/wp-content\/uploads\/2025\/06\/maquinaria-agricola-usada-2-768x432.jpg 768w, https:\/\/reparacionsvic.com\/wp-content\/uploads\/2025\/06\/maquinaria-agricola-usada-2-18x10.jpg 18w\" sizes=\"(max-width: 1200px) 100vw, 1200px\" \/>\u00a0<\/span><\/p>\n<h2 style=\"text-align: justify;\" aria-level=\"2\"><b><span data-contrast=\"auto\">C\u00f3mo elegir la mejor maquinaria agr\u00edcola usada<\/span><\/b><span data-ccp-props=\"{&quot;134233117&quot;:false,&quot;134233118&quot;:false,&quot;134245418&quot;:true,&quot;134245529&quot;:true,&quot;335551550&quot;:6,&quot;335551620&quot;:6,&quot;335559738&quot;:299,&quot;335559739&quot;:299}\">\u00a0<\/span><\/h2>\n<h3 style=\"text-align: justify;\" aria-level=\"3\"><b><span data-contrast=\"auto\">Identifica tus necesidades<\/span><\/b><span data-ccp-props=\"{&quot;134233117&quot;:false,&quot;134233118&quot;:false,&quot;134245418&quot;:true,&quot;134245529&quot;:true,&quot;335551550&quot;:6,&quot;335551620&quot;:6,&quot;335559738&quot;:281,&quot;335559739&quot;:281}\">\u00a0<\/span><\/h3>\n<p style=\"text-align: justify;\"><span data-contrast=\"auto\">No es lo mismo comprar un tractor para trabajar 10 hect\u00e1reas de cereal que una empacadora para huerta intensiva. El primer paso es siempre tener muy claro lo que necesitas. En <\/span><span data-contrast=\"auto\">Reparaciones Vic, el equipo<\/span><span data-contrast=\"auto\"> t\u00e9cnico ayuda al cliente a identificar las caracter\u00edsticas ideales seg\u00fan el tipo de cultivo, el terreno y las horas de uso previstas.<\/span><span data-ccp-props=\"{&quot;134233117&quot;:false,&quot;134233118&quot;:false,&quot;335551550&quot;:6,&quot;335551620&quot;:6,&quot;335559738&quot;:240,&quot;335559739&quot;:240}\">\u00a0<\/span><\/p>\n<h3 style=\"text-align: justify;\" aria-level=\"3\"><b><span data-contrast=\"auto\">Revisa el historial y estado de la m\u00e1quina<\/span><\/b><span data-ccp-props=\"{&quot;134233117&quot;:false,&quot;134233118&quot;:false,&quot;134245418&quot;:true,&quot;134245529&quot;:true,&quot;335551550&quot;:6,&quot;335551620&quot;:6,&quot;335559738&quot;:281,&quot;335559739&quot;:281}\">\u00a0<\/span><\/h3>\n<p style=\"text-align: justify;\"><span data-contrast=\"auto\">Es necesario comprobar:<\/span><span data-ccp-props=\"{&quot;134233117&quot;:false,&quot;134233118&quot;:false,&quot;335551550&quot;:6,&quot;335551620&quot;:6,&quot;335559738&quot;:240,&quot;335559739&quot;:240}\">\u00a0<\/span><\/p>\n<ul style=\"text-align: justify;\">\n<li data-leveltext=\"\uf0b7\" data-font=\"Symbol\" data-listid=\"1\" data-list-defn-props=\"{&quot;335552541&quot;:1,&quot;335559685&quot;:720,&quot;335559991&quot;:360,&quot;469769226&quot;:&quot;Symbol&quot;,&quot;469769242&quot;:[8226],&quot;469777803&quot;:&quot;left&quot;,&quot;469777804&quot;:&quot;\uf0b7&quot;,&quot;469777815&quot;:&quot;hybridMultilevel&quot;}\" aria-setsize=\"-1\" data-aria-posinset=\"1\" data-aria-level=\"1\"><span data-contrast=\"auto\">A\u00f1o de fabricaci\u00f3n<\/span><span data-ccp-props=\"{&quot;134233117&quot;:false,&quot;134233118&quot;:false,&quot;335551550&quot;:6,&quot;335551620&quot;:6,&quot;335559738&quot;:240,&quot;335559739&quot;:240}\">\u00a0<\/span><\/li>\n<\/ul>\n<ul style=\"text-align: justify;\">\n<li data-leveltext=\"\uf0b7\" data-font=\"Symbol\" data-listid=\"1\" data-list-defn-props=\"{&quot;335552541&quot;:1,&quot;335559685&quot;:720,&quot;335559991&quot;:360,&quot;469769226&quot;:&quot;Symbol&quot;,&quot;469769242&quot;:[8226],&quot;469777803&quot;:&quot;left&quot;,&quot;469777804&quot;:&quot;\uf0b7&quot;,&quot;469777815&quot;:&quot;hybridMultilevel&quot;}\" aria-setsize=\"-1\" data-aria-posinset=\"2\" data-aria-level=\"1\"><span data-contrast=\"auto\">N\u00famero de horas de trabajo<\/span><span data-ccp-props=\"{&quot;134233117&quot;:false,&quot;134233118&quot;:false,&quot;335551550&quot;:6,&quot;335551620&quot;:6,&quot;335559738&quot;:240,&quot;335559739&quot;:240}\">\u00a0<\/span><\/li>\n<\/ul>\n<ul style=\"text-align: justify;\">\n<li data-leveltext=\"\uf0b7\" data-font=\"Symbol\" data-listid=\"1\" data-list-defn-props=\"{&quot;335552541&quot;:1,&quot;335559685&quot;:720,&quot;335559991&quot;:360,&quot;469769226&quot;:&quot;Symbol&quot;,&quot;469769242&quot;:[8226],&quot;469777803&quot;:&quot;left&quot;,&quot;469777804&quot;:&quot;\uf0b7&quot;,&quot;469777815&quot;:&quot;hybridMultilevel&quot;}\" aria-setsize=\"-1\" data-aria-posinset=\"3\" data-aria-level=\"1\"><span data-contrast=\"auto\">Mantenimientos realizados<\/span><span data-ccp-props=\"{&quot;134233117&quot;:false,&quot;134233118&quot;:false,&quot;335551550&quot;:6,&quot;335551620&quot;:6,&quot;335559738&quot;:240,&quot;335559739&quot;:240}\">\u00a0<\/span><\/li>\n<\/ul>\n<ul style=\"text-align: justify;\">\n<li data-leveltext=\"\uf0b7\" data-font=\"Symbol\" data-listid=\"1\" data-list-defn-props=\"{&quot;335552541&quot;:1,&quot;335559685&quot;:720,&quot;335559991&quot;:360,&quot;469769226&quot;:&quot;Symbol&quot;,&quot;469769242&quot;:[8226],&quot;469777803&quot;:&quot;left&quot;,&quot;469777804&quot;:&quot;\uf0b7&quot;,&quot;469777815&quot;:&quot;hybridMultilevel&quot;}\" aria-setsize=\"-1\" data-aria-posinset=\"4\" data-aria-level=\"1\"><span data-contrast=\"auto\">Reparaciones previas<\/span><span data-ccp-props=\"{&quot;134233117&quot;:false,&quot;134233118&quot;:false,&quot;335551550&quot;:6,&quot;335551620&quot;:6,&quot;335559738&quot;:240,&quot;335559739&quot;:240}\">\u00a0<\/span><\/li>\n<\/ul>\n<p style=\"text-align: justify;\"><span data-contrast=\"auto\">Cada m\u00e1quina vendida por<\/span> Reparaciones Vic inc<span data-contrast=\"auto\">lou una revisi\u00f3n t\u00e9cnica completa: motor, caja de cambios, sistema hidr\u00e1ulico, direcci\u00f3n, neum\u00e1ticos o rodamientos.<\/span><span data-ccp-props=\"{&quot;134233117&quot;:false,&quot;134233118&quot;:false,&quot;335551550&quot;:6,&quot;335551620&quot;:6,&quot;335559738&quot;:240,&quot;335559739&quot;:240}\">\u00a0<\/span><\/p>\n<h3 style=\"text-align: justify;\"><b><span data-contrast=\"auto\">\u00bfPor qu\u00e9 elegir la maquinaria agr\u00edcola usada en Reparaciones Vic y no en un particular?<\/span><\/b><span data-ccp-props=\"{&quot;134233117&quot;:false,&quot;134233118&quot;:false,&quot;335551550&quot;:6,&quot;335551620&quot;:6,&quot;335559738&quot;:240,&quot;335559739&quot;:240}\">\u00a0<\/span><\/h3>\n<p style=\"text-align: justify;\"><span data-contrast=\"auto\">Comprar a particulares puede ser m\u00e1s econ\u00f3mico pero tambi\u00e9n mucho m\u00e1s arriesgado. Un taller especializado como<\/span><span data-contrast=\"auto\"> Reparaciones Vic <\/span><span data-contrast=\"auto\">ofrece garant\u00edas, servicio postventa y repuestos disponibles en caso de que sea necesario intervenir en el futuro. No<\/span> <span data-contrast=\"auto\">s\u00f3lo vendemos <\/span><a href=\"https:\/\/reparacionsvic.com\/es\/minicargadora-avant-635\/\"><b><span data-contrast=\"auto\">maquinaria agr\u00edcola usada<\/span><\/b><\/a><span data-contrast=\"auto\">: ofrecemos un servicio integral y cercano al cliente.\u00a0<\/span><\/p>\n<p><img decoding=\"async\" class=\"aligncenter wp-image-1793 size-full\" src=\"https:\/\/reparacionsvic.com\/wp-content\/uploads\/2025\/06\/maquinaria-agricola-usada.jpg\" alt=\"maquinaria agr\u00edcola\" width=\"1200\" height=\"675\" srcset=\"https:\/\/reparacionsvic.com\/wp-content\/uploads\/2025\/06\/maquinaria-agricola-usada.jpg 1200w, https:\/\/reparacionsvic.com\/wp-content\/uploads\/2025\/06\/maquinaria-agricola-usada-300x169.jpg 300w, https:\/\/reparacionsvic.com\/wp-content\/uploads\/2025\/06\/maquinaria-agricola-usada-1024x576.jpg 1024w, https:\/\/reparacionsvic.com\/wp-content\/uploads\/2025\/06\/maquinaria-agricola-usada-768x432.jpg 768w, https:\/\/reparacionsvic.com\/wp-content\/uploads\/2025\/06\/maquinaria-agricola-usada-18x10.jpg 18w\" sizes=\"(max-width: 1200px) 100vw, 1200px\" \/><\/p>\n<h2 style=\"text-align: justify;\" aria-level=\"2\"><b><span data-contrast=\"auto\">Maquinaria de segunda mano: calidad garantizada y precios inteligentes en Reparaciones Vic<\/span><\/b><span data-ccp-props=\"{&quot;134233117&quot;:false,&quot;134233118&quot;:false,&quot;134245418&quot;:true,&quot;134245529&quot;:true,&quot;335551550&quot;:6,&quot;335551620&quot;:6,&quot;335559738&quot;:299,&quot;335559739&quot;:299}\">\u00a0<\/span><\/h2>\n<p style=\"text-align: justify;\"><span data-contrast=\"auto\">Para muchos profesionales, la <\/span>maquinaria de segunda mano<span data-contrast=\"auto\"> representa una alternativa inteligente para obtener equipos eficientes a un coste m\u00e1s asequible. En Reparacions Vic, todos los equipos de ocasi\u00f3n pasan por un exhaustivo proceso de revisi\u00f3n mec\u00e1nica, electr\u00f3nica e hidr\u00e1ulica antes de ponerse a la venta.<\/span><span data-ccp-props=\"{&quot;134233117&quot;:false,&quot;134233118&quot;:false,&quot;335551550&quot;:6,&quot;335551620&quot;:6,&quot;335559738&quot;:240,&quot;335559739&quot;:240}\">\u00a0<\/span><\/p>\n<p style=\"text-align: justify;\"><span data-contrast=\"auto\">Este proceso incluye:<\/span><span data-ccp-props=\"{&quot;134233117&quot;:false,&quot;134233118&quot;:false,&quot;335551550&quot;:6,&quot;335551620&quot;:6,&quot;335559738&quot;:240,&quot;335559739&quot;:240}\">\u00a0<\/span><\/p>\n<ul style=\"text-align: justify;\">\n<li data-leveltext=\"\uf0b7\" data-font=\"Symbol\" data-listid=\"8\" data-list-defn-props=\"{&quot;335552541&quot;:1,&quot;335559685&quot;:720,&quot;335559991&quot;:360,&quot;469769226&quot;:&quot;Symbol&quot;,&quot;469769242&quot;:[8226],&quot;469777803&quot;:&quot;left&quot;,&quot;469777804&quot;:&quot;\uf0b7&quot;,&quot;469777815&quot;:&quot;hybridMultilevel&quot;}\" aria-setsize=\"-1\" data-aria-posinset=\"1\" data-aria-level=\"1\"><span data-contrast=\"auto\">Revisi\u00f3n de motor, frenos y transmisi\u00f3n.<\/span><span data-ccp-props=\"{&quot;134233117&quot;:false,&quot;134233118&quot;:false,&quot;335551550&quot;:6,&quot;335551620&quot;:6,&quot;335559738&quot;:240,&quot;335559739&quot;:240}\">\u00a0<\/span><\/li>\n<\/ul>\n<ul style=\"text-align: justify;\">\n<li data-leveltext=\"\uf0b7\" data-font=\"Symbol\" data-listid=\"8\" data-list-defn-props=\"{&quot;335552541&quot;:1,&quot;335559685&quot;:720,&quot;335559991&quot;:360,&quot;469769226&quot;:&quot;Symbol&quot;,&quot;469769242&quot;:[8226],&quot;469777803&quot;:&quot;left&quot;,&quot;469777804&quot;:&quot;\uf0b7&quot;,&quot;469777815&quot;:&quot;hybridMultilevel&quot;}\" aria-setsize=\"-1\" data-aria-posinset=\"2\" data-aria-level=\"1\"><span data-contrast=\"auto\">Sustituci\u00f3n de piezas clave como rodamientos, filtros, correas o juntas.<\/span><span data-ccp-props=\"{&quot;134233117&quot;:false,&quot;134233118&quot;:false,&quot;335551550&quot;:6,&quot;335551620&quot;:6,&quot;335559738&quot;:240,&quot;335559739&quot;:240}\">\u00a0<\/span><\/li>\n<\/ul>\n<ul style=\"text-align: justify;\">\n<li data-leveltext=\"\uf0b7\" data-font=\"Symbol\" data-listid=\"8\" data-list-defn-props=\"{&quot;335552541&quot;:1,&quot;335559685&quot;:720,&quot;335559991&quot;:360,&quot;469769226&quot;:&quot;Symbol&quot;,&quot;469769242&quot;:[8226],&quot;469777803&quot;:&quot;left&quot;,&quot;469777804&quot;:&quot;\uf0b7&quot;,&quot;469777815&quot;:&quot;hybridMultilevel&quot;}\" aria-setsize=\"-1\" data-aria-posinset=\"3\" data-aria-level=\"1\"><span data-contrast=\"auto\">Pruebas de rendimiento y diagn\u00f3stico detallado.<\/span><span data-ccp-props=\"{&quot;134233117&quot;:false,&quot;134233118&quot;:false,&quot;335551550&quot;:6,&quot;335551620&quot;:6,&quot;335559738&quot;:240,&quot;335559739&quot;:240}\">\u00a0<\/span><\/li>\n<\/ul>\n<p style=\"text-align: justify;\"><span data-contrast=\"auto\">De esta forma, se ofrece una maquinaria usada con garant\u00edas y en perfecto estado, lista para trabajar desde el primer d\u00eda.<\/span><span data-ccp-props=\"{&quot;134233117&quot;:false,&quot;134233118&quot;:false,&quot;335551550&quot;:6,&quot;335551620&quot;:6,&quot;335559738&quot;:240,&quot;335559739&quot;:240}\">\u00a0<\/span><\/p>\n<p style=\"text-align: justify;\"><span data-contrast=\"auto\">Invertir en <\/span><b><span data-contrast=\"auto\">maquinaria agr\u00edcola usada<\/span><\/b><span data-contrast=\"auto\"> no es s\u00f3lo una decisi\u00f3n econ\u00f3mica, sino tambi\u00e9n estrat\u00e9gica y sostenible. Con nuestros servicios especializados puedes acceder a equipos fiables, revisados y listos para rendir desde el primer d\u00eda. Ahorras, cuidas el medio ambiente y garantizas la continuidad de tu actividad agr\u00edcola con seguridad.<\/span><span data-ccp-props=\"{&quot;335551550&quot;:6,&quot;335551620&quot;:6}\">\u00a0<\/span><\/p>","protected":false},"excerpt":{"rendered":"<p>Beneficio econ\u00f3mico y medioambiental En un contexto agr\u00edcola cada vez m\u00e1s exigente, encontrar la f\u00f3rmula ideal entre rentabilidad y funcionalidad es fundamental. La maquinaria agr\u00edcola usada se ha convertido en una soluci\u00f3n inteligente para muchos agricultores catalanes, especialmente en la zona de Vic y cercan\u00edas, que buscan maximizar el rendimiento con una inversi\u00f3n ajustada. Lejos [\u2026]<\/p>","protected":false},"author":3,"featured_media":1790,"comment_status":"closed","ping_status":"closed","sticky":false,"template":"","format":"standard","meta":{"_acf_changed":false,"footnotes":""},"categories":[1,13],"tags":[14],"class_list":["post-1789","post","type-post","status-publish","format-standard","has-post-thumbnail","hentry","category-blog","category-maquinaria-agricola-usada","tag-maquinaria-agricola-usada"],"acf":[],"yoast_head":"<!-- This site is optimized with the Yoast SEO plugin v26.1.1 - https:\/\/yoast.com\/wordpress\/plugins\/seo\/ -->\n<title>Maquin\u00e0ria agr\u00edcola usada: una opci\u00f3 eficient, intel\u00b7ligent i sostenible\u00a0 - Reparacions Vic<\/title>\n<meta name=\"description\" content=\"Descobreix per qu\u00e8 la maquin\u00e0ria agr\u00edcola usada \u00e9s una alternativa intel\u00b7ligent, rendible i respectuosa amb el medi ambient.\" \/>\n<meta name=\"robots\" content=\"index, follow, max-snippet:-1, max-image-preview:large, max-video-preview:-1\" \/>\n<link rel=\"canonical\" href=\"https:\/\/reparacionsvic.com\/es\/maquinaria-agricola-usada-una-opcio-eficient-intelligent-i-sostenible\/\" \/>\n<meta property=\"og:locale\" content=\"es_ES\" \/>\n<meta property=\"og:type\" content=\"article\" \/>\n<meta property=\"og:title\" content=\"Maquin\u00e0ria agr\u00edcola usada: una opci\u00f3 eficient, intel\u00b7ligent i sostenible\u00a0 - Reparacions Vic\" \/>\n<meta property=\"og:description\" content=\"Descobreix per qu\u00e8 la maquin\u00e0ria agr\u00edcola usada \u00e9s una alternativa intel\u00b7ligent, rendible i respectuosa amb el medi ambient.\" \/>\n<meta property=\"og:url\" content=\"https:\/\/reparacionsvic.com\/es\/maquinaria-agricola-usada-una-opcio-eficient-intelligent-i-sostenible\/\" \/>\n<meta property=\"og:site_name\" content=\"Reparacions Vic\" \/>\n<meta property=\"article:published_time\" content=\"2025-06-20T11:33:33+00:00\" \/>\n<meta property=\"article:modified_time\" content=\"2025-06-26T12:13:05+00:00\" \/>\n<meta property=\"og:image\" content=\"https:\/\/reparacionsvic.com\/wp-content\/uploads\/2025\/06\/maquinaria-agricola-usada-3.jpg\" \/>\n\t<meta property=\"og:image:width\" content=\"1200\" \/>\n\t<meta property=\"og:image:height\" content=\"675\" \/>\n\t<meta property=\"og:image:type\" content=\"image\/jpeg\" \/>\n<meta name=\"author\" content=\"Onlinevalles\" \/>\n<meta name=\"twitter:card\" content=\"summary_large_image\" \/>\n<meta name=\"twitter:label1\" content=\"Escrito por\" \/>\n\t<meta name=\"twitter:data1\" content=\"Onlinevalles\" \/>\n\t<meta name=\"twitter:label2\" content=\"Tiempo de lectura\" \/>\n\t<meta name=\"twitter:data2\" content=\"5 minutos\" \/>\n<script type=\"application\/ld+json\" class=\"yoast-schema-graph\">{\"@context\":\"https:\/\/schema.org\",\"@graph\":[{\"@type\":\"WebPage\",\"@id\":\"https:\/\/reparacionsvic.com\/maquinaria-agricola-usada-una-opcio-eficient-intelligent-i-sostenible\/\",\"url\":\"https:\/\/reparacionsvic.com\/maquinaria-agricola-usada-una-opcio-eficient-intelligent-i-sostenible\/\",\"name\":\"Maquin\u00e0ria agr\u00edcola usada: una opci\u00f3 eficient, intel\u00b7ligent i sostenible\u00a0 - Reparacions Vic\",\"isPartOf\":{\"@id\":\"https:\/\/reparacionsvic.com\/#website\"},\"primaryImageOfPage\":{\"@id\":\"https:\/\/reparacionsvic.com\/maquinaria-agricola-usada-una-opcio-eficient-intelligent-i-sostenible\/#primaryimage\"},\"image\":{\"@id\":\"https:\/\/reparacionsvic.com\/maquinaria-agricola-usada-una-opcio-eficient-intelligent-i-sostenible\/#primaryimage\"},\"thumbnailUrl\":\"https:\/\/reparacionsvic.com\/wp-content\/uploads\/2025\/06\/maquinaria-agricola-usada-3.jpg\",\"datePublished\":\"2025-06-20T11:33:33+00:00\",\"dateModified\":\"2025-06-26T12:13:05+00:00\",\"author\":{\"@id\":\"https:\/\/reparacionsvic.com\/#\/schema\/person\/bcfdfba75c12de5066de4573230dae54\"},\"description\":\"Descobreix per qu\u00e8 la maquin\u00e0ria agr\u00edcola usada \u00e9s una alternativa intel\u00b7ligent, rendible i respectuosa amb el medi ambient.\",\"breadcrumb\":{\"@id\":\"https:\/\/reparacionsvic.com\/maquinaria-agricola-usada-una-opcio-eficient-intelligent-i-sostenible\/#breadcrumb\"},\"inLanguage\":\"es\",\"potentialAction\":[{\"@type\":\"ReadAction\",\"target\":[\"https:\/\/reparacionsvic.com\/maquinaria-agricola-usada-una-opcio-eficient-intelligent-i-sostenible\/\"]}]},{\"@type\":\"ImageObject\",\"inLanguage\":\"es\",\"@id\":\"https:\/\/reparacionsvic.com\/maquinaria-agricola-usada-una-opcio-eficient-intelligent-i-sostenible\/#primaryimage\",\"url\":\"https:\/\/reparacionsvic.com\/wp-content\/uploads\/2025\/06\/maquinaria-agricola-usada-3.jpg\",\"contentUrl\":\"https:\/\/reparacionsvic.com\/wp-content\/uploads\/2025\/06\/maquinaria-agricola-usada-3.jpg\",\"width\":1200,\"height\":675,\"caption\":\"tractor\"},{\"@type\":\"BreadcrumbList\",\"@id\":\"https:\/\/reparacionsvic.com\/maquinaria-agricola-usada-una-opcio-eficient-intelligent-i-sostenible\/#breadcrumb\",\"itemListElement\":[{\"@type\":\"ListItem\",\"position\":1,\"name\":\"Inici\",\"item\":\"https:\/\/reparacionsvic.com\/\"},{\"@type\":\"ListItem\",\"position\":2,\"name\":\"Maquin\u00e0ria agr\u00edcola usada: una opci\u00f3 eficient, intel\u00b7ligent i sostenible\u00a0\"}]},{\"@type\":\"WebSite\",\"@id\":\"https:\/\/reparacionsvic.com\/#website\",\"url\":\"https:\/\/reparacionsvic.com\/\",\"name\":\"Reparacions vic\",\"description\":\"Venta, lloguer i reparaci\u00f3 de maquin\u00e0ria a Vic\",\"potentialAction\":[{\"@type\":\"SearchAction\",\"target\":{\"@type\":\"EntryPoint\",\"urlTemplate\":\"https:\/\/reparacionsvic.com\/?s={search_term_string}\"},\"query-input\":{\"@type\":\"PropertyValueSpecification\",\"valueRequired\":true,\"valueName\":\"search_term_string\"}}],\"inLanguage\":\"es\"},{\"@type\":\"Person\",\"@id\":\"https:\/\/reparacionsvic.com\/#\/schema\/person\/bcfdfba75c12de5066de4573230dae54\",\"name\":\"Onlinevalles\",\"url\":\"https:\/\/reparacionsvic.com\/es\/author\/onlinevalles\/\"}]}<\/script>\n<!-- \/ Yoast SEO plugin. -->","yoast_head_json":{"title":"Maquin\u00e0ria agr\u00edcola usada: una opci\u00f3 eficient, intel\u00b7ligent i sostenible\u00a0 - Reparacions Vic","description":"Descobreix per qu\u00e8 la maquin\u00e0ria agr\u00edcola usada \u00e9s una alternativa intel\u00b7ligent, rendible i respectuosa amb el medi ambient.","robots":{"index":"index","follow":"follow","max-snippet":"max-snippet:-1","max-image-preview":"max-image-preview:large","max-video-preview":"max-video-preview:-1"},"canonical":"https:\/\/reparacionsvic.com\/es\/maquinaria-agricola-usada-una-opcio-eficient-intelligent-i-sostenible\/","og_locale":"es_ES","og_type":"article","og_title":"Maquin\u00e0ria agr\u00edcola usada: una opci\u00f3 eficient, intel\u00b7ligent i sostenible\u00a0 - Reparacions Vic","og_description":"Descobreix per qu\u00e8 la maquin\u00e0ria agr\u00edcola usada \u00e9s una alternativa intel\u00b7ligent, rendible i respectuosa amb el medi ambient.","og_url":"https:\/\/reparacionsvic.com\/es\/maquinaria-agricola-usada-una-opcio-eficient-intelligent-i-sostenible\/","og_site_name":"Reparacions Vic","article_published_time":"2025-06-20T11:33:33+00:00","article_modified_time":"2025-06-26T12:13:05+00:00","og_image":[{"width":1200,"height":675,"url":"https:\/\/reparacionsvic.com\/wp-content\/uploads\/2025\/06\/maquinaria-agricola-usada-3.jpg","type":"image\/jpeg"}],"author":"Onlinevalles","twitter_card":"summary_large_image","twitter_misc":{"Escrito por":"Onlinevalles","Tiempo de lectura":"5 minutos"},"schema":{"@context":"https:\/\/schema.org","@graph":[{"@type":"WebPage","@id":"https:\/\/reparacionsvic.com\/maquinaria-agricola-usada-una-opcio-eficient-intelligent-i-sostenible\/","url":"https:\/\/reparacionsvic.com\/maquinaria-agricola-usada-una-opcio-eficient-intelligent-i-sostenible\/","name":"Maquin\u00e0ria agr\u00edcola usada: una opci\u00f3 eficient, intel\u00b7ligent i sostenible\u00a0 - Reparacions Vic","isPartOf":{"@id":"https:\/\/reparacionsvic.com\/#website"},"primaryImageOfPage":{"@id":"https:\/\/reparacionsvic.com\/maquinaria-agricola-usada-una-opcio-eficient-intelligent-i-sostenible\/#primaryimage"},"image":{"@id":"https:\/\/reparacionsvic.com\/maquinaria-agricola-usada-una-opcio-eficient-intelligent-i-sostenible\/#primaryimage"},"thumbnailUrl":"https:\/\/reparacionsvic.com\/wp-content\/uploads\/2025\/06\/maquinaria-agricola-usada-3.jpg","datePublished":"2025-06-20T11:33:33+00:00","dateModified":"2025-06-26T12:13:05+00:00","author":{"@id":"https:\/\/reparacionsvic.com\/#\/schema\/person\/bcfdfba75c12de5066de4573230dae54"},"description":"Descobreix per qu\u00e8 la maquin\u00e0ria agr\u00edcola usada \u00e9s una alternativa intel\u00b7ligent, rendible i respectuosa amb el medi ambient.","breadcrumb":{"@id":"https:\/\/reparacionsvic.com\/maquinaria-agricola-usada-una-opcio-eficient-intelligent-i-sostenible\/#breadcrumb"},"inLanguage":"es","potentialAction":[{"@type":"ReadAction","target":["https:\/\/reparacionsvic.com\/maquinaria-agricola-usada-una-opcio-eficient-intelligent-i-sostenible\/"]}]},{"@type":"ImageObject","inLanguage":"es","@id":"https:\/\/reparacionsvic.com\/maquinaria-agricola-usada-una-opcio-eficient-intelligent-i-sostenible\/#primaryimage","url":"https:\/\/reparacionsvic.com\/wp-content\/uploads\/2025\/06\/maquinaria-agricola-usada-3.jpg","contentUrl":"https:\/\/reparacionsvic.com\/wp-content\/uploads\/2025\/06\/maquinaria-agricola-usada-3.jpg","width":1200,"height":675,"caption":"tractor"},{"@type":"BreadcrumbList","@id":"https:\/\/reparacionsvic.com\/maquinaria-agricola-usada-una-opcio-eficient-intelligent-i-sostenible\/#breadcrumb","itemListElement":[{"@type":"ListItem","position":1,"name":"Inici","item":"https:\/\/reparacionsvic.com\/"},{"@type":"ListItem","position":2,"name":"Maquin\u00e0ria agr\u00edcola usada: una opci\u00f3 eficient, intel\u00b7ligent i sostenible\u00a0"}]},{"@type":"WebSite","@id":"https:\/\/reparacionsvic.com\/#website","url":"https:\/\/reparacionsvic.com\/","name":"Reparaciones vic","description":"Venta, alquiler y reparaci\u00f3n de maquinaria en Vic","potentialAction":[{"@type":"SearchAction","target":{"@type":"EntryPoint","urlTemplate":"https:\/\/reparacionsvic.com\/?s={search_term_string}"},"query-input":{"@type":"PropertyValueSpecification","valueRequired":true,"valueName":"search_term_string"}}],"inLanguage":"es"},{"@type":"Person","@id":"https:\/\/reparacionsvic.com\/#\/schema\/person\/bcfdfba75c12de5066de4573230dae54","name":"Onlinevallas","url":"https:\/\/reparacionsvic.com\/es\/author\/onlinevalles\/"}]}},"_links":{"self":[{"href":"https:\/\/reparacionsvic.com\/es\/wp-json\/wp\/v2\/posts\/1789","targetHints":{"allow":["GET"]}}],"collection":[{"href":"https:\/\/reparacionsvic.com\/es\/wp-json\/wp\/v2\/posts"}],"about":[{"href":"https:\/\/reparacionsvic.com\/es\/wp-json\/wp\/v2\/types\/post"}],"author":[{"embeddable":true,"href":"https:\/\/reparacionsvic.com\/es\/wp-json\/wp\/v2\/users\/3"}],"replies":[{"embeddable":true,"href":"https:\/\/reparacionsvic.com\/es\/wp-json\/wp\/v2\/comments?post=1789"}],"version-history":[{"count":1,"href":"https:\/\/reparacionsvic.com\/es\/wp-json\/wp\/v2\/posts\/1789\/revisions"}],"predecessor-version":[{"id":1794,"href":"https:\/\/reparacionsvic.com\/es\/wp-json\/wp\/v2\/posts\/1789\/revisions\/1794"}],"wp:featuredmedia":[{"embeddable":true,"href":"https:\/\/reparacionsvic.com\/es\/wp-json\/wp\/v2\/media\/1790"}],"wp:attachment":[{"href":"https:\/\/reparacionsvic.com\/es\/wp-json\/wp\/v2\/media?parent=1789"}],"wp:term":[{"taxonomy":"category","embeddable":true,"href":"https:\/\/reparacionsvic.com\/es\/wp-json\/wp\/v2\/categories?post=1789"},{"taxonomy":"post_tag","embeddable":true,"href":"https:\/\/reparacionsvic.com\/es\/wp-json\/wp\/v2\/tags?post=1789"}],"curies":[{"name":"wp","href":"https:\/\/api.w.org\/{rel}","templated":true}]}}