{"id":1869,"date":"2025-10-11T08:39:52","date_gmt":"2025-10-11T08:39:52","guid":{"rendered":"https:\/\/reparacionsvic.com\/?p=1869"},"modified":"2025-09-15T08:56:09","modified_gmt":"2025-09-15T08:56:09","slug":"busques-un-servei-de-reparacio-professional-de-maquinaria-agricola","status":"publish","type":"post","link":"https:\/\/reparacionsvic.com\/es\/busques-un-servei-de-reparacio-professional-de-maquinaria-agricola\/","title":{"rendered":"\u00bfBuscas un servicio de reparaci\u00f3n profesional de maquinaria agr\u00edcola?"},"content":{"rendered":"<h2 style=\"text-align: justify;\" data-start=\"181\" data-end=\"252\">Reparaciones Vic; especialistas en la venta y reparaci\u00f3n de maquinaria agr\u00edcola<\/h2>\n<p style=\"text-align: justify;\" data-start=\"254\" data-end=\"551\">La <a href=\"https:\/\/reparacionsvic.com\/es\/category\/reparacio-i-manteniment-de-maquinaria-agricola\/\"><strong data-start=\"257\" data-end=\"293\">reparaci\u00f3n de maquinaria agr\u00edcola<\/strong><\/a> es fundamental para garantizar la eficiencia y la productividad de cualquier explotaci\u00f3n. En Vic, Reparacions Vic se presenta como referente en este \u00e1mbito, ofreciendo servicios especializados que cubren todas las necesidades de los profesionales del sector agr\u00edcola.<\/p>\n<p data-start=\"254\" data-end=\"551\"><img fetchpriority=\"high\" decoding=\"async\" class=\"aligncenter wp-image-1872 size-full\" src=\"https:\/\/reparacionsvic.com\/wp-content\/uploads\/2025\/08\/reparacio-de-maquinaria-agricola-2.jpg\" alt=\"maquin\u00e0ria agr\u00edcola \" width=\"1200\" height=\"750\" srcset=\"https:\/\/reparacionsvic.com\/wp-content\/uploads\/2025\/08\/reparacio-de-maquinaria-agricola-2.jpg 1200w, https:\/\/reparacionsvic.com\/wp-content\/uploads\/2025\/08\/reparacio-de-maquinaria-agricola-2-300x188.jpg 300w, https:\/\/reparacionsvic.com\/wp-content\/uploads\/2025\/08\/reparacio-de-maquinaria-agricola-2-1024x640.jpg 1024w, https:\/\/reparacionsvic.com\/wp-content\/uploads\/2025\/08\/reparacio-de-maquinaria-agricola-2-768x480.jpg 768w, https:\/\/reparacionsvic.com\/wp-content\/uploads\/2025\/08\/reparacio-de-maquinaria-agricola-2-18x12.jpg 18w\" sizes=\"(max-width: 1200px) 100vw, 1200px\" \/><\/p>\n<h3 style=\"text-align: justify;\" data-start=\"553\" data-end=\"594\">La experiencia que marca la diferencia<\/h3>\n<p style=\"text-align: justify;\" data-start=\"596\" data-end=\"1022\">Con m\u00e1s de 18 a\u00f1os de experiencia en el sector, en Reparacions Vic nos hemos consolidado una s\u00f3lida reputaci\u00f3n gracias a nuestra dedicaci\u00f3n y conocimiento profundo de la maquinaria agr\u00edcola. Nuestro equipo de t\u00e9cnicos especializados est\u00e1 formado por profesionales calificados que garantizan un servicio r\u00e1pido, eficiente y transparente, asegurando que tu maquinaria est\u00e9 siempre en las mejores condiciones.<\/p>\n<h2 style=\"text-align: justify;\" data-start=\"1024\" data-end=\"1062\">Servicios de reparaci\u00f3n y mantenimiento<\/h2>\n<p style=\"text-align: justify;\" data-start=\"1064\" data-end=\"1175\">Ofrecemos una amplia gama de servicios para la <a href=\"https:\/\/reparacionsvic.com\/es\/maquina-usada\/\"><strong data-start=\"1125\" data-end=\"1161\">reparaci\u00f3n de maquinaria agr\u00edcola<\/strong><\/a>, incluyendo:<\/p>\n<ul style=\"text-align: justify;\" data-start=\"1177\" data-end=\"1800\">\n<li data-start=\"1177\" data-end=\"1343\">\n<p data-start=\"1179\" data-end=\"1343\">Diagn\u00f3stico y reparaci\u00f3n de fallos mec\u00e1nicos y electr\u00f3nicos: Identificaci\u00f3n precisa de los problemas y soluciones efectivas para minimizar el tiempo de inactividad.<\/p>\n<\/li>\n<li data-start=\"1345\" data-end=\"1483\">\n<p data-start=\"1347\" data-end=\"1483\">Mantenimiento preventivo: Programaci\u00f3n de revisiones peri\u00f3dicas para evitar aver\u00edas inesperadas y alargar la vida \u00fatil de la maquinaria.<\/p>\n<\/li>\n<li data-start=\"1485\" data-end=\"1659\">\n<p data-start=\"1487\" data-end=\"1659\">Sustituci\u00f3n de piezas originales y compatibles: Disponibilidad de repuestos de calidad para asegurar el rendimiento \u00f3ptimo de los equipos.<\/p>\n<\/li>\n<li data-start=\"1661\" data-end=\"1800\">\n<p data-start=\"1663\" data-end=\"1800\">Servicio de urgencias: Atenci\u00f3n r\u00e1pida en caso de paradas inesperadas, con el objetivo de minimizar el impacto en las operaciones agr\u00edcolas.<\/p>\n<\/li>\n<\/ul>\n<p><img decoding=\"async\" class=\"aligncenter wp-image-1871 size-full\" src=\"https:\/\/reparacionsvic.com\/wp-content\/uploads\/2025\/08\/reparacio-de-maquinaria-agricola-3.jpg\" alt=\"maquin\u00e0ria agr\u00edcola \" width=\"1200\" height=\"750\" srcset=\"https:\/\/reparacionsvic.com\/wp-content\/uploads\/2025\/08\/reparacio-de-maquinaria-agricola-3.jpg 1200w, https:\/\/reparacionsvic.com\/wp-content\/uploads\/2025\/08\/reparacio-de-maquinaria-agricola-3-300x188.jpg 300w, https:\/\/reparacionsvic.com\/wp-content\/uploads\/2025\/08\/reparacio-de-maquinaria-agricola-3-1024x640.jpg 1024w, https:\/\/reparacionsvic.com\/wp-content\/uploads\/2025\/08\/reparacio-de-maquinaria-agricola-3-768x480.jpg 768w, https:\/\/reparacionsvic.com\/wp-content\/uploads\/2025\/08\/reparacio-de-maquinaria-agricola-3-18x12.jpg 18w\" sizes=\"(max-width: 1200px) 100vw, 1200px\" \/><\/p>\n<h3 style=\"text-align: justify;\" data-start=\"1802\" data-end=\"1851\">Compromiso con la calidad y la sostenibilidad<\/h3>\n<p style=\"text-align: justify;\" data-start=\"1853\" data-end=\"2264\">En Reparacions Vic, la calidad es una prioridad. Trabajamos con las mejores marcas de maquinaria agr\u00edcola, asegurando que nuestros clientes tengan acceso a equipos de confianza y durabilidad. Adem\u00e1s, nuestro compromiso con la sostenibilidad se refleja en la utilizaci\u00f3n de repuestos que cumplen con los est\u00e1ndares ambientales, contribuyendo as\u00ed a una agricultura m\u00e1s responsable y respetuosa con el medio ambiente.<\/p>\n<h2 style=\"text-align: justify;\" data-start=\"2266\" data-end=\"2309\">\u00bfPor qu\u00e9 podemos convertirnos en tu partner estrat\u00e9gico?<\/h2>\n<p style=\"text-align: justify;\" data-start=\"2311\" data-end=\"2412\">Optar por Reparaciones Vic para la <strong data-start=\"2346\" data-end=\"2382\">reparaci\u00f3n de maquinaria agr\u00edcola<\/strong> comporta varias ventajas:<\/p>\n<ul style=\"text-align: justify;\" data-start=\"2414\" data-end=\"2998\">\n<li data-start=\"2414\" data-end=\"2559\">\n<p data-start=\"2416\" data-end=\"2559\">Ahorro de tiempo y dinero: Un servicio r\u00e1pido y eficiente que reduce los tiempos de inactividad y costes asociados a reparaciones prolongadas.<\/p>\n<\/li>\n<li data-start=\"2561\" data-end=\"2682\">\n<p data-start=\"2563\" data-end=\"2682\">Atenci\u00f3n personalizada: Un equipo que escucha las necesidades de los clientes y ofrece soluciones adaptadas a cada caso.<\/p>\n<\/li>\n<li data-start=\"2684\" data-end=\"2815\">\n<p data-start=\"2686\" data-end=\"2815\">Asesoramiento experto: Orientaci\u00f3n sobre el adecuado mantenimiento de la maquinaria para optimizar su rendimiento y durabilidad.<\/p>\n<\/li>\n<li data-start=\"2817\" data-end=\"2998\">\n<p data-start=\"2819\" data-end=\"2998\">Servicios integrales: Adem\u00e1s de la reparaci\u00f3n, Reparacions Vic ofrece servicios de venta y alquiler de maquinaria, proporcionando una soluci\u00f3n completa para los profesionales agr\u00edcolas.<\/p>\n<\/li>\n<\/ul>\n<h3>Maquinaria agr\u00edcola a medida<\/h3>\n<p>Reparaciones Vic no s\u00f3lo nos dedicamos a la reparaci\u00f3n, sino que tambi\u00e9n somos referentes en la venta y alquiler de maquinaria agr\u00edcola en Vic y cercan\u00edas. Entendemos que cada explotaci\u00f3n tiene necesidades \u00fanicas, por lo que ofrecemos asesoramiento personalizado para ayudar a los profesionales del sector a escoger el equipo m\u00e1s adecuado seg\u00fan el tama\u00f1o de la finca, el tipo de cultivo y el presupuesto disponible. Gracias a nuestra experiencia, podemos orientar a los clientes sobre las mejores pr\u00e1cticas de mantenimiento y uso, asegurando que su inversi\u00f3n en maquinaria sea rentable y duradera.<\/p>\n<p>Contamos con un amplio cat\u00e1logo de tractores, sembradoras, segadoras y otros equipos, todos revisados y garantizados para garantizar un rendimiento \u00f3ptimo desde el primer d\u00eda. Nuestro equipo de t\u00e9cnicos calificados es capaz de adaptar cualquier m\u00e1quina a las necesidades espec\u00edficas de cada cliente, desde modificaciones mec\u00e1nicas hasta ajustes electr\u00f3nicos. Entendemos que el tiempo es valioso en la actividad agr\u00edcola, por eso combinamos rapidez y eficacia, con la tranquilidad que ofrece la confianza de un partner experimentado. Con nosotros, los agricultores pueden estar seguros de que su maquinaria estar\u00e1 siempre operativa, segura y preparada para afrontar cualquier desaf\u00edo del campo, contribuyendo as\u00ed a aumentar la productividad y rentabilidad de su explotaci\u00f3n agr\u00edcola.<\/p>\n<p><img decoding=\"async\" class=\"aligncenter wp-image-1874 size-full\" src=\"https:\/\/reparacionsvic.com\/wp-content\/uploads\/2025\/08\/reparacio-de-maquinaria-agricola-4.jpg\" alt=\"maquin\u00e0ria agr\u00edcola \" width=\"1200\" height=\"750\" srcset=\"https:\/\/reparacionsvic.com\/wp-content\/uploads\/2025\/08\/reparacio-de-maquinaria-agricola-4.jpg 1200w, https:\/\/reparacionsvic.com\/wp-content\/uploads\/2025\/08\/reparacio-de-maquinaria-agricola-4-300x188.jpg 300w, https:\/\/reparacionsvic.com\/wp-content\/uploads\/2025\/08\/reparacio-de-maquinaria-agricola-4-1024x640.jpg 1024w, https:\/\/reparacionsvic.com\/wp-content\/uploads\/2025\/08\/reparacio-de-maquinaria-agricola-4-768x480.jpg 768w, https:\/\/reparacionsvic.com\/wp-content\/uploads\/2025\/08\/reparacio-de-maquinaria-agricola-4-18x12.jpg 18w\" sizes=\"(max-width: 1200px) 100vw, 1200px\" \/><\/p>\n<h3 style=\"text-align: justify;\" data-start=\"3000\" data-end=\"3032\">Contacta con nosotros<\/h3>\n<p style=\"text-align: justify;\" data-start=\"3034\" data-end=\"3412\">Si buscas un servicio de <a href=\"https:\/\/reparacionsvic.com\/es\/com-saber-si-et-surt-mes-a-compte-reparar-o-substituir-la-teva-maquinaria\/\"><strong data-start=\"3058\" data-end=\"3094\">reparaci\u00f3n de maquinaria agr\u00edcola<\/strong><\/a> en Vic de confianza, no dudes en ponerte en contacto con nosotros. Puedes visitar nuestro taller situado en la Calle Sot dels Pradals, 15, 08500 Vic, Barcelona, o llamar al +34 93 128 71 92.<\/p>","protected":false},"excerpt":{"rendered":"<p>Reparaciones Vic; especialistas en la venta y reparaci\u00f3n de maquinaria agr\u00edcola La reparaci\u00f3n de maquinaria agr\u00edcola es fundamental para garantizar la eficiencia y productividad de cualquier explotaci\u00f3n. En Vic, Reparacions Vic se presenta como referente en este \u00e1mbito, ofreciendo servicios especializados que cubren todas las necesidades de los profesionales del sector agr\u00edcola. La experiencia que marca [\u2026]<\/p>","protected":false},"author":3,"featured_media":1873,"comment_status":"closed","ping_status":"closed","sticky":false,"template":"","format":"standard","meta":{"_acf_changed":false,"footnotes":""},"categories":[1,18],"tags":[24],"class_list":["post-1869","post","type-post","status-publish","format-standard","has-post-thumbnail","hentry","category-blog","category-reparacio-i-manteniment-de-maquinaria-agricola","tag-reparacio-de-maquinaria-agricola"],"acf":[],"yoast_head":"<!-- This site is optimized with the Yoast SEO plugin v26.1.1 - https:\/\/yoast.com\/wordpress\/plugins\/seo\/ -->\n<title>Busques un servei de reparaci\u00f3 professional de maquin\u00e0ria agr\u00edcola? - Reparacions Vic<\/title>\n<meta name=\"description\" content=\"Troba la millor maquin\u00e0ria agr\u00edcola a Vic, nova o de segona m\u00e0, i un servei especialitzat de venda, lloguer i reparaci\u00f3 a Reparacions Vic!\" \/>\n<meta name=\"robots\" content=\"index, follow, max-snippet:-1, max-image-preview:large, max-video-preview:-1\" \/>\n<link rel=\"canonical\" href=\"https:\/\/reparacionsvic.com\/es\/busques-un-servei-de-reparacio-professional-de-maquinaria-agricola\/\" \/>\n<meta property=\"og:locale\" content=\"es_ES\" \/>\n<meta property=\"og:type\" content=\"article\" \/>\n<meta property=\"og:title\" content=\"Busques un servei de reparaci\u00f3 professional de maquin\u00e0ria agr\u00edcola? - Reparacions Vic\" \/>\n<meta property=\"og:description\" content=\"Troba la millor maquin\u00e0ria agr\u00edcola a Vic, nova o de segona m\u00e0, i un servei especialitzat de venda, lloguer i reparaci\u00f3 a Reparacions Vic!\" \/>\n<meta property=\"og:url\" content=\"https:\/\/reparacionsvic.com\/es\/busques-un-servei-de-reparacio-professional-de-maquinaria-agricola\/\" \/>\n<meta property=\"og:site_name\" content=\"Reparacions Vic\" \/>\n<meta property=\"article:published_time\" content=\"2025-10-11T08:39:52+00:00\" \/>\n<meta property=\"og:image\" content=\"https:\/\/reparacionsvic.com\/wp-content\/uploads\/2025\/08\/reparacio-de-maquinaria-agricola-1.jpg\" \/>\n\t<meta property=\"og:image:width\" content=\"1200\" \/>\n\t<meta property=\"og:image:height\" content=\"750\" \/>\n\t<meta property=\"og:image:type\" content=\"image\/jpeg\" \/>\n<meta name=\"author\" content=\"Onlinevalles\" \/>\n<meta name=\"twitter:card\" content=\"summary_large_image\" \/>\n<meta name=\"twitter:label1\" content=\"Escrito por\" \/>\n\t<meta name=\"twitter:data1\" content=\"Onlinevalles\" \/>\n\t<meta name=\"twitter:label2\" content=\"Tiempo de lectura\" \/>\n\t<meta name=\"twitter:data2\" content=\"5 minutos\" \/>\n<script type=\"application\/ld+json\" class=\"yoast-schema-graph\">{\"@context\":\"https:\/\/schema.org\",\"@graph\":[{\"@type\":\"WebPage\",\"@id\":\"https:\/\/reparacionsvic.com\/busques-un-servei-de-reparacio-professional-de-maquinaria-agricola\/\",\"url\":\"https:\/\/reparacionsvic.com\/busques-un-servei-de-reparacio-professional-de-maquinaria-agricola\/\",\"name\":\"Busques un servei de reparaci\u00f3 professional de maquin\u00e0ria agr\u00edcola? - Reparacions Vic\",\"isPartOf\":{\"@id\":\"https:\/\/reparacionsvic.com\/#website\"},\"primaryImageOfPage\":{\"@id\":\"https:\/\/reparacionsvic.com\/busques-un-servei-de-reparacio-professional-de-maquinaria-agricola\/#primaryimage\"},\"image\":{\"@id\":\"https:\/\/reparacionsvic.com\/busques-un-servei-de-reparacio-professional-de-maquinaria-agricola\/#primaryimage\"},\"thumbnailUrl\":\"https:\/\/reparacionsvic.com\/wp-content\/uploads\/2025\/08\/reparacio-de-maquinaria-agricola-1.jpg\",\"datePublished\":\"2025-10-11T08:39:52+00:00\",\"author\":{\"@id\":\"https:\/\/reparacionsvic.com\/#\/schema\/person\/bcfdfba75c12de5066de4573230dae54\"},\"description\":\"Troba la millor maquin\u00e0ria agr\u00edcola a Vic, nova o de segona m\u00e0, i un servei especialitzat de venda, lloguer i reparaci\u00f3 a Reparacions Vic!\",\"breadcrumb\":{\"@id\":\"https:\/\/reparacionsvic.com\/busques-un-servei-de-reparacio-professional-de-maquinaria-agricola\/#breadcrumb\"},\"inLanguage\":\"es\",\"potentialAction\":[{\"@type\":\"ReadAction\",\"target\":[\"https:\/\/reparacionsvic.com\/busques-un-servei-de-reparacio-professional-de-maquinaria-agricola\/\"]}]},{\"@type\":\"ImageObject\",\"inLanguage\":\"es\",\"@id\":\"https:\/\/reparacionsvic.com\/busques-un-servei-de-reparacio-professional-de-maquinaria-agricola\/#primaryimage\",\"url\":\"https:\/\/reparacionsvic.com\/wp-content\/uploads\/2025\/08\/reparacio-de-maquinaria-agricola-1.jpg\",\"contentUrl\":\"https:\/\/reparacionsvic.com\/wp-content\/uploads\/2025\/08\/reparacio-de-maquinaria-agricola-1.jpg\",\"width\":1200,\"height\":750,\"caption\":\"maquin\u00e0ria agr\u00edcola\"},{\"@type\":\"BreadcrumbList\",\"@id\":\"https:\/\/reparacionsvic.com\/busques-un-servei-de-reparacio-professional-de-maquinaria-agricola\/#breadcrumb\",\"itemListElement\":[{\"@type\":\"ListItem\",\"position\":1,\"name\":\"Inici\",\"item\":\"https:\/\/reparacionsvic.com\/\"},{\"@type\":\"ListItem\",\"position\":2,\"name\":\"Busques un servei de reparaci\u00f3 professional de maquin\u00e0ria agr\u00edcola?\"}]},{\"@type\":\"WebSite\",\"@id\":\"https:\/\/reparacionsvic.com\/#website\",\"url\":\"https:\/\/reparacionsvic.com\/\",\"name\":\"Reparacions vic\",\"description\":\"Venta, lloguer i reparaci\u00f3 de maquin\u00e0ria a Vic\",\"potentialAction\":[{\"@type\":\"SearchAction\",\"target\":{\"@type\":\"EntryPoint\",\"urlTemplate\":\"https:\/\/reparacionsvic.com\/?s={search_term_string}\"},\"query-input\":{\"@type\":\"PropertyValueSpecification\",\"valueRequired\":true,\"valueName\":\"search_term_string\"}}],\"inLanguage\":\"es\"},{\"@type\":\"Person\",\"@id\":\"https:\/\/reparacionsvic.com\/#\/schema\/person\/bcfdfba75c12de5066de4573230dae54\",\"name\":\"Onlinevalles\",\"url\":\"https:\/\/reparacionsvic.com\/es\/author\/onlinevalles\/\"}]}<\/script>\n<!-- \/ Yoast SEO plugin. -->","yoast_head_json":{"title":"Busques un servei de reparaci\u00f3 professional de maquin\u00e0ria agr\u00edcola? - Reparacions Vic","description":"Troba la millor maquin\u00e0ria agr\u00edcola a Vic, nova o de segona m\u00e0, i un servei especialitzat de venda, lloguer i reparaci\u00f3 a Reparacions Vic!","robots":{"index":"index","follow":"follow","max-snippet":"max-snippet:-1","max-image-preview":"max-image-preview:large","max-video-preview":"max-video-preview:-1"},"canonical":"https:\/\/reparacionsvic.com\/es\/busques-un-servei-de-reparacio-professional-de-maquinaria-agricola\/","og_locale":"es_ES","og_type":"article","og_title":"Busques un servei de reparaci\u00f3 professional de maquin\u00e0ria agr\u00edcola? - Reparacions Vic","og_description":"Troba la millor maquin\u00e0ria agr\u00edcola a Vic, nova o de segona m\u00e0, i un servei especialitzat de venda, lloguer i reparaci\u00f3 a Reparacions Vic!","og_url":"https:\/\/reparacionsvic.com\/es\/busques-un-servei-de-reparacio-professional-de-maquinaria-agricola\/","og_site_name":"Reparacions Vic","article_published_time":"2025-10-11T08:39:52+00:00","og_image":[{"width":1200,"height":750,"url":"https:\/\/reparacionsvic.com\/wp-content\/uploads\/2025\/08\/reparacio-de-maquinaria-agricola-1.jpg","type":"image\/jpeg"}],"author":"Onlinevalles","twitter_card":"summary_large_image","twitter_misc":{"Escrito por":"Onlinevalles","Tiempo de lectura":"5 minutos"},"schema":{"@context":"https:\/\/schema.org","@graph":[{"@type":"WebPage","@id":"https:\/\/reparacionsvic.com\/busques-un-servei-de-reparacio-professional-de-maquinaria-agricola\/","url":"https:\/\/reparacionsvic.com\/busques-un-servei-de-reparacio-professional-de-maquinaria-agricola\/","name":"Busques un servei de reparaci\u00f3 professional de maquin\u00e0ria agr\u00edcola? - Reparacions Vic","isPartOf":{"@id":"https:\/\/reparacionsvic.com\/#website"},"primaryImageOfPage":{"@id":"https:\/\/reparacionsvic.com\/busques-un-servei-de-reparacio-professional-de-maquinaria-agricola\/#primaryimage"},"image":{"@id":"https:\/\/reparacionsvic.com\/busques-un-servei-de-reparacio-professional-de-maquinaria-agricola\/#primaryimage"},"thumbnailUrl":"https:\/\/reparacionsvic.com\/wp-content\/uploads\/2025\/08\/reparacio-de-maquinaria-agricola-1.jpg","datePublished":"2025-10-11T08:39:52+00:00","author":{"@id":"https:\/\/reparacionsvic.com\/#\/schema\/person\/bcfdfba75c12de5066de4573230dae54"},"description":"Troba la millor maquin\u00e0ria agr\u00edcola a Vic, nova o de segona m\u00e0, i un servei especialitzat de venda, lloguer i reparaci\u00f3 a Reparacions Vic!","breadcrumb":{"@id":"https:\/\/reparacionsvic.com\/busques-un-servei-de-reparacio-professional-de-maquinaria-agricola\/#breadcrumb"},"inLanguage":"es","potentialAction":[{"@type":"ReadAction","target":["https:\/\/reparacionsvic.com\/busques-un-servei-de-reparacio-professional-de-maquinaria-agricola\/"]}]},{"@type":"ImageObject","inLanguage":"es","@id":"https:\/\/reparacionsvic.com\/busques-un-servei-de-reparacio-professional-de-maquinaria-agricola\/#primaryimage","url":"https:\/\/reparacionsvic.com\/wp-content\/uploads\/2025\/08\/reparacio-de-maquinaria-agricola-1.jpg","contentUrl":"https:\/\/reparacionsvic.com\/wp-content\/uploads\/2025\/08\/reparacio-de-maquinaria-agricola-1.jpg","width":1200,"height":750,"caption":"maquin\u00e0ria agr\u00edcola"},{"@type":"BreadcrumbList","@id":"https:\/\/reparacionsvic.com\/busques-un-servei-de-reparacio-professional-de-maquinaria-agricola\/#breadcrumb","itemListElement":[{"@type":"ListItem","position":1,"name":"Inici","item":"https:\/\/reparacionsvic.com\/"},{"@type":"ListItem","position":2,"name":"Busques un servei de reparaci\u00f3 professional de maquin\u00e0ria agr\u00edcola?"}]},{"@type":"WebSite","@id":"https:\/\/reparacionsvic.com\/#website","url":"https:\/\/reparacionsvic.com\/","name":"Reparaciones vic","description":"Venta, alquiler y reparaci\u00f3n de maquinaria en Vic","potentialAction":[{"@type":"SearchAction","target":{"@type":"EntryPoint","urlTemplate":"https:\/\/reparacionsvic.com\/?s={search_term_string}"},"query-input":{"@type":"PropertyValueSpecification","valueRequired":true,"valueName":"search_term_string"}}],"inLanguage":"es"},{"@type":"Person","@id":"https:\/\/reparacionsvic.com\/#\/schema\/person\/bcfdfba75c12de5066de4573230dae54","name":"Onlinevallas","url":"https:\/\/reparacionsvic.com\/es\/author\/onlinevalles\/"}]}},"_links":{"self":[{"href":"https:\/\/reparacionsvic.com\/es\/wp-json\/wp\/v2\/posts\/1869","targetHints":{"allow":["GET"]}}],"collection":[{"href":"https:\/\/reparacionsvic.com\/es\/wp-json\/wp\/v2\/posts"}],"about":[{"href":"https:\/\/reparacionsvic.com\/es\/wp-json\/wp\/v2\/types\/post"}],"author":[{"embeddable":true,"href":"https:\/\/reparacionsvic.com\/es\/wp-json\/wp\/v2\/users\/3"}],"replies":[{"embeddable":true,"href":"https:\/\/reparacionsvic.com\/es\/wp-json\/wp\/v2\/comments?post=1869"}],"version-history":[{"count":2,"href":"https:\/\/reparacionsvic.com\/es\/wp-json\/wp\/v2\/posts\/1869\/revisions"}],"predecessor-version":[{"id":1875,"href":"https:\/\/reparacionsvic.com\/es\/wp-json\/wp\/v2\/posts\/1869\/revisions\/1875"}],"wp:featuredmedia":[{"embeddable":true,"href":"https:\/\/reparacionsvic.com\/es\/wp-json\/wp\/v2\/media\/1873"}],"wp:attachment":[{"href":"https:\/\/reparacionsvic.com\/es\/wp-json\/wp\/v2\/media?parent=1869"}],"wp:term":[{"taxonomy":"category","embeddable":true,"href":"https:\/\/reparacionsvic.com\/es\/wp-json\/wp\/v2\/categories?post=1869"},{"taxonomy":"post_tag","embeddable":true,"href":"https:\/\/reparacionsvic.com\/es\/wp-json\/wp\/v2\/tags?post=1869"}],"curies":[{"name":"wp","href":"https:\/\/api.w.org\/{rel}","templated":true}]}}