{"id":1878,"date":"2025-10-21T11:49:12","date_gmt":"2025-10-21T09:49:12","guid":{"rendered":"https:\/\/reparacionsvic.com\/?p=1878"},"modified":"2025-10-21T11:50:23","modified_gmt":"2025-10-21T09:50:23","slug":"per-que-les-carretilles-son-les-millors-aliades-per-a-la-maquinaria-agricola","status":"publish","type":"post","link":"https:\/\/reparacionsvic.com\/es\/per-que-les-carretilles-son-les-millors-aliades-per-a-la-maquinaria-agricola\/","title":{"rendered":"\u00bfPor qu\u00e9 las carretillas son las mejores aliadas para la maquinaria agr\u00edcola?"},"content":{"rendered":"<h2 style=\"text-align: justify;\" data-start=\"183\" data-end=\"295\"><strong data-start=\"183\" data-end=\"293\">Transportar, organizar, levantar y mucho m\u00e1s<\/strong><\/h2>\n<p style=\"text-align: justify;\" data-start=\"297\" data-end=\"882\">En el sector agr\u00edcola, la eficiencia y la organizaci\u00f3n son claves para garantizar la productividad y rentabilidad de cualquier explotaci\u00f3n. Aunque a menudo se relacionan con almacenes industriales, las <strong><a href=\"https:\/\/reparacionsvic.com\/es\/lloguer-de-maquinaria\/\">carretillas elevadoras de alquiler<\/a> <\/strong>se han consolidado como herramientas esenciales en la agricultura moderna. Su capacidad para transportar, levantar y organizar grandes vol\u00famenes de materiales pesados, como sacos de fertilizantes, pal\u00e9s de semillas o cajas de fruta, permite optimizar tanto el tiempo como el esfuerzo humano, convirti\u00e9ndolas en un recurso estrat\u00e9gico para agricultores y gestores de explotaciones rurales.<\/p>\n<p data-start=\"297\" data-end=\"882\"><img fetchpriority=\"high\" decoding=\"async\" class=\"aligncenter wp-image-1883 size-full\" src=\"https:\/\/reparacionsvic.com\/wp-content\/uploads\/2025\/10\/carretilles-elevadores-de-lloguer.jpg\" alt=\"carretilles\" width=\"1200\" height=\"750\" srcset=\"https:\/\/reparacionsvic.com\/wp-content\/uploads\/2025\/10\/carretilles-elevadores-de-lloguer.jpg 1200w, https:\/\/reparacionsvic.com\/wp-content\/uploads\/2025\/10\/carretilles-elevadores-de-lloguer-300x188.jpg 300w, https:\/\/reparacionsvic.com\/wp-content\/uploads\/2025\/10\/carretilles-elevadores-de-lloguer-1024x640.jpg 1024w, https:\/\/reparacionsvic.com\/wp-content\/uploads\/2025\/10\/carretilles-elevadores-de-lloguer-768x480.jpg 768w, https:\/\/reparacionsvic.com\/wp-content\/uploads\/2025\/10\/carretilles-elevadores-de-lloguer-18x12.jpg 18w\" sizes=\"(max-width: 1200px) 100vw, 1200px\" \/><\/p>\n<h3 style=\"text-align: justify;\" data-start=\"889\" data-end=\"958\">Tipo de carretillas elevadoras<\/h3>\n<p style=\"text-align: justify;\" data-start=\"960\" data-end=\"1122\">No todas las <a href=\"https:\/\/reparacionsvic.com\/es\/busques-un-servei-de-reparacio-professional-de-maquinaria-agricola\/\"><strong>carretillas elevadoras de alquiler <\/strong><\/a>son iguales y cada tipo est\u00e1 dise\u00f1ado para tareas concretas. En el contexto agr\u00edcola, destacan tres variantes principales:<\/p>\n<ul style=\"text-align: justify;\">\n<li data-start=\"1124\" data-end=\"1496\">Carretillas elevadoras el\u00e9ctricas: ideales para trabajos en interiores, como almacenes de cereales o c\u00e1maras frigor\u00edficas. Su funcionamiento silencioso y sin emisiones las hace perfectas para entornos cerrados, garantizando seguridad y confort. Adem\u00e1s requieren menos mantenimiento diario que los modelos de combusti\u00f3n interna, reduciendo los costes operativos a largo plazo.<\/li>\n<li data-start=\"1124\" data-end=\"1496\">Carretillas diesel o de gas: pensadas para trabajos al aire libre y en terrenos irregulares. Estas carretillas son robustas y potentes, capaces de mover cargas m\u00e1s pesadas sin comprometer la estabilidad. Su resistencia a las condiciones clim\u00e1ticas adversas las convierte en aliadas fiables para grandes fincas, donde el transporte de materiales es constante.<\/li>\n<li data-start=\"1124\" data-end=\"1496\">Carretillas todoterreno: dise\u00f1adas espec\u00edficamente para entornos rurales, con neum\u00e1ticos reforzados y sistemas de suspensi\u00f3n adaptados a terrenos dif\u00edciles. Permiten maniobrar sobre barro, grava o hierba, facilitando la movilidad en parcelas extensas y mejorando la eficiencia log\u00edstica.<\/li>\n<\/ul>\n<p><img decoding=\"async\" class=\"aligncenter wp-image-1882 size-full\" src=\"https:\/\/reparacionsvic.com\/wp-content\/uploads\/2025\/10\/carretilles-elevadores-de-lloguer-3.jpg\" alt=\"carretilles\" width=\"1200\" height=\"750\" srcset=\"https:\/\/reparacionsvic.com\/wp-content\/uploads\/2025\/10\/carretilles-elevadores-de-lloguer-3.jpg 1200w, https:\/\/reparacionsvic.com\/wp-content\/uploads\/2025\/10\/carretilles-elevadores-de-lloguer-3-300x188.jpg 300w, https:\/\/reparacionsvic.com\/wp-content\/uploads\/2025\/10\/carretilles-elevadores-de-lloguer-3-1024x640.jpg 1024w, https:\/\/reparacionsvic.com\/wp-content\/uploads\/2025\/10\/carretilles-elevadores-de-lloguer-3-768x480.jpg 768w, https:\/\/reparacionsvic.com\/wp-content\/uploads\/2025\/10\/carretilles-elevadores-de-lloguer-3-18x12.jpg 18w\" sizes=\"(max-width: 1200px) 100vw, 1200px\" \/><\/p>\n<h3 style=\"text-align: justify;\" data-start=\"2166\" data-end=\"2240\">Ventajas estrat\u00e9gicas para el sector de la agricultura<\/h3>\n<p style=\"text-align: justify;\" data-start=\"2242\" data-end=\"2371\">El uso de <strong>carretillas elevadoras de alquiler <\/strong>aporta m\u00e1s que productividad: ofrece ventajas estrat\u00e9gicas que transforman la gesti\u00f3n agr\u00edcola:<\/p>\n<p style=\"text-align: justify;\" data-start=\"2373\" data-end=\"2612\">Optimizaci\u00f3n del tiempo y esfuerzo: trasladar grandes cargas manualmente es peligroso y muy exigente f\u00edsicamente. Las carretillas elevadoras permiten moverlas con facilidad y rapidez, liberando a los trabajadores para otras tareas.<\/p>\n<p style=\"text-align: justify;\" data-start=\"2614\" data-end=\"2817\">Seguridad laboral: una carga pesada mal manipulada puede provocar graves accidentes. El uso de carretillas elevadoras reduce significativamente estos riesgos, garantizando un transporte controlado y seguro.<\/p>\n<p style=\"text-align: justify;\" data-start=\"2819\" data-end=\"3064\">Versatilidad: gracias a los accesorios disponibles \u2014horquillas ajustables, pinzas para fardos o plataformas especiales\u2014 una sola carretilla puede cumplir m\u00faltiples funciones, desde mover pal\u00e9s hasta cargar remolques o apilar sacos de semillas.<\/p>\n<p style=\"text-align: justify;\" data-start=\"3066\" data-end=\"3456\">Flexibilidad en alquiler: no todas las explotaciones necesitan una carretilla durante todo el a\u00f1o. Por eso, la opci\u00f3n de alquilarlas se ha popularizado, permitiendo acceder a maquinaria profesional sin la inversi\u00f3n inicial que supone la compra. Esto facilita afrontar picos de trabajo, como la cosecha o las campa\u00f1as de plantaci\u00f3n, con modelos siempre actualizados y mantenidos por especialistas.<\/p>\n<p data-start=\"3066\" data-end=\"3456\"><img decoding=\"async\" class=\"aligncenter wp-image-1880 size-full\" src=\"https:\/\/reparacionsvic.com\/wp-content\/uploads\/2025\/10\/carretilles-elevadores-de-lloguer-1.jpg\" alt=\"hombre en el campo\" width=\"1200\" height=\"750\" srcset=\"https:\/\/reparacionsvic.com\/wp-content\/uploads\/2025\/10\/carretilles-elevadores-de-lloguer-1.jpg 1200w, https:\/\/reparacionsvic.com\/wp-content\/uploads\/2025\/10\/carretilles-elevadores-de-lloguer-1-300x188.jpg 300w, https:\/\/reparacionsvic.com\/wp-content\/uploads\/2025\/10\/carretilles-elevadores-de-lloguer-1-1024x640.jpg 1024w, https:\/\/reparacionsvic.com\/wp-content\/uploads\/2025\/10\/carretilles-elevadores-de-lloguer-1-768x480.jpg 768w, https:\/\/reparacionsvic.com\/wp-content\/uploads\/2025\/10\/carretilles-elevadores-de-lloguer-1-18x12.jpg 18w\" sizes=\"(max-width: 1200px) 100vw, 1200px\" \/><\/p>\n<h3 style=\"text-align: justify;\" data-start=\"3463\" data-end=\"3500\">Mantenimiento y cuidado profesional<\/h3>\n<p style=\"text-align: justify;\" data-start=\"3502\" data-end=\"3672\">Para garantizar un rendimiento \u00f3ptimo y alargar la vida \u00fatil de la carretilla elevadora, el mantenimiento regular es indispensable. Entre las tareas m\u00e1s importantes destacan:<\/p>\n<ul style=\"text-align: justify;\" data-start=\"3674\" data-end=\"4373\">\n<li data-start=\"3674\" data-end=\"3789\">\n<p data-start=\"3676\" data-end=\"3789\">Revisi\u00f3n de frenos y tenedores: asegurar su correcto funcionamiento evita accidentes con cargas pesadas.<\/p>\n<\/li>\n<li data-start=\"3790\" data-end=\"3960\">\n<p data-start=\"3792\" data-end=\"3960\">Inspecci\u00f3n de neum\u00e1ticos y suspensi\u00f3n: en terrenos irregulares, los neum\u00e1ticos en buen estado y una suspensi\u00f3n adecuada son cruciales para la estabilidad y seguridad.<\/p>\n<\/li>\n<li data-start=\"3961\" data-end=\"4120\">\n<p data-start=\"3963\" data-end=\"4120\">Comprobaci\u00f3n de sistemas hidr\u00e1ulicos: un fallo hidr\u00e1ulico puede detener completamente la operaci\u00f3n, por lo que es prioritario mantenerlo en perfecto estado.<\/p>\n<\/li>\n<li data-start=\"4121\" data-end=\"4373\">\n<p data-start=\"4123\" data-end=\"4373\">Empleo de piezas originales y talleres especializados: confiar en profesionales para reparaci\u00f3n y mantenimiento garantiza que la m\u00e1quina funcione correctamente, evitando costosos tiempos de inactividad y maximizando la inversi\u00f3n, ya sea propia o de alquiler.<\/p>\n<\/li>\n<\/ul>\n<p style=\"text-align: justify;\" data-start=\"4397\" data-end=\"5011\">Las <a href=\"https:\/\/reparacionsvic.com\/es\/lloguers\/\"><strong>carretillas elevadoras de alquiler <\/strong><\/a>se han convertido en un elemento indispensable en el equipamiento agr\u00edcola. Su capacidad para mover, levantar y organizar materiales pesados mejora su eficiencia operativa y aporta seguridad al trabajo diario. Adem\u00e1s, el alquiler de carretillas permite adaptarse a las necesidades estacionales sin comprometer el presupuesto, accediendo a maquinaria moderna y profesionalmente mantenida. Invertir en la selecci\u00f3n adecuada y en un mantenimiento riguroso no s\u00f3lo optimiza las operaciones, sino que protege a los trabajadores y asegura la productividad a largo plazo de la explotaci\u00f3n agr\u00edcola.<\/p>","protected":false},"excerpt":{"rendered":"<p>Transportar, organizar, levantar y mucho m\u00e1s En el sector agr\u00edcola, la eficiencia y la organizaci\u00f3n son claves para garantizar la productividad y rentabilidad de cualquier explotaci\u00f3n. Aunque a menudo se relacionan con almacenes industriales, las carretillas elevadoras de alquiler se han consolidado como herramientas esenciales en la agricultura moderna. Su capacidad para transportar, levantar y organizar [\u2026]<\/p>","protected":false},"author":3,"featured_media":1881,"comment_status":"closed","ping_status":"closed","sticky":false,"template":"","format":"standard","meta":{"_acf_changed":false,"footnotes":""},"categories":[1,25,16],"tags":[26],"class_list":["post-1878","post","type-post","status-publish","format-standard","has-post-thumbnail","hentry","category-blog","category-carretilles-elevadores-de-lloguer","category-lloguer-de-maquinaria","tag-carretilles-elevadores-de-lloguer"],"acf":[],"yoast_head":"<!-- This site is optimized with the Yoast SEO plugin v26.1.1 - https:\/\/yoast.com\/wordpress\/plugins\/seo\/ -->\n<title>Per qu\u00e8 les carretilles son les millors aliades per a la maquin\u00e0ria agr\u00edcola? - Reparacions Vic<\/title>\n<meta name=\"description\" content=\"Descobreix per qu\u00e8 la carretilla elevadora \u00e9s l\u2019aliat imprescindible per a la maquin\u00e0ria agr\u00edcola i confia en Reparacions Vic.\" \/>\n<meta name=\"robots\" content=\"index, follow, max-snippet:-1, max-image-preview:large, max-video-preview:-1\" \/>\n<link rel=\"canonical\" href=\"https:\/\/reparacionsvic.com\/es\/per-que-les-carretilles-son-les-millors-aliades-per-a-la-maquinaria-agricola\/\" \/>\n<meta property=\"og:locale\" content=\"es_ES\" \/>\n<meta property=\"og:type\" content=\"article\" \/>\n<meta property=\"og:title\" content=\"Per qu\u00e8 les carretilles son les millors aliades per a la maquin\u00e0ria agr\u00edcola? - Reparacions Vic\" \/>\n<meta property=\"og:description\" content=\"Descobreix per qu\u00e8 la carretilla elevadora \u00e9s l\u2019aliat imprescindible per a la maquin\u00e0ria agr\u00edcola i confia en Reparacions Vic.\" \/>\n<meta property=\"og:url\" content=\"https:\/\/reparacionsvic.com\/es\/per-que-les-carretilles-son-les-millors-aliades-per-a-la-maquinaria-agricola\/\" \/>\n<meta property=\"og:site_name\" content=\"Reparacions Vic\" \/>\n<meta property=\"article:published_time\" content=\"2025-10-21T09:49:12+00:00\" \/>\n<meta property=\"article:modified_time\" content=\"2025-10-21T09:50:23+00:00\" \/>\n<meta property=\"og:image\" content=\"https:\/\/reparacionsvic.com\/wp-content\/uploads\/2025\/10\/carretilles-elevadores-de-lloguer-2.jpg\" \/>\n\t<meta property=\"og:image:width\" content=\"1200\" \/>\n\t<meta property=\"og:image:height\" content=\"750\" \/>\n\t<meta property=\"og:image:type\" content=\"image\/jpeg\" \/>\n<meta name=\"author\" content=\"Onlinevalles\" \/>\n<meta name=\"twitter:card\" content=\"summary_large_image\" \/>\n<meta name=\"twitter:label1\" content=\"Escrito por\" \/>\n\t<meta name=\"twitter:data1\" content=\"Onlinevalles\" \/>\n\t<meta name=\"twitter:label2\" content=\"Tiempo de lectura\" \/>\n\t<meta name=\"twitter:data2\" content=\"5 minutos\" \/>\n<script type=\"application\/ld+json\" class=\"yoast-schema-graph\">{\"@context\":\"https:\/\/schema.org\",\"@graph\":[{\"@type\":\"WebPage\",\"@id\":\"https:\/\/reparacionsvic.com\/per-que-les-carretilles-son-les-millors-aliades-per-a-la-maquinaria-agricola\/\",\"url\":\"https:\/\/reparacionsvic.com\/per-que-les-carretilles-son-les-millors-aliades-per-a-la-maquinaria-agricola\/\",\"name\":\"Per qu\u00e8 les carretilles son les millors aliades per a la maquin\u00e0ria agr\u00edcola? - Reparacions Vic\",\"isPartOf\":{\"@id\":\"https:\/\/reparacionsvic.com\/#website\"},\"primaryImageOfPage\":{\"@id\":\"https:\/\/reparacionsvic.com\/per-que-les-carretilles-son-les-millors-aliades-per-a-la-maquinaria-agricola\/#primaryimage\"},\"image\":{\"@id\":\"https:\/\/reparacionsvic.com\/per-que-les-carretilles-son-les-millors-aliades-per-a-la-maquinaria-agricola\/#primaryimage\"},\"thumbnailUrl\":\"https:\/\/reparacionsvic.com\/wp-content\/uploads\/2025\/10\/carretilles-elevadores-de-lloguer-2.jpg\",\"datePublished\":\"2025-10-21T09:49:12+00:00\",\"dateModified\":\"2025-10-21T09:50:23+00:00\",\"author\":{\"@id\":\"https:\/\/reparacionsvic.com\/#\/schema\/person\/bcfdfba75c12de5066de4573230dae54\"},\"description\":\"Descobreix per qu\u00e8 la carretilla elevadora \u00e9s l\u2019aliat imprescindible per a la maquin\u00e0ria agr\u00edcola i confia en Reparacions Vic.\",\"breadcrumb\":{\"@id\":\"https:\/\/reparacionsvic.com\/per-que-les-carretilles-son-les-millors-aliades-per-a-la-maquinaria-agricola\/#breadcrumb\"},\"inLanguage\":\"es\",\"potentialAction\":[{\"@type\":\"ReadAction\",\"target\":[\"https:\/\/reparacionsvic.com\/per-que-les-carretilles-son-les-millors-aliades-per-a-la-maquinaria-agricola\/\"]}]},{\"@type\":\"ImageObject\",\"inLanguage\":\"es\",\"@id\":\"https:\/\/reparacionsvic.com\/per-que-les-carretilles-son-les-millors-aliades-per-a-la-maquinaria-agricola\/#primaryimage\",\"url\":\"https:\/\/reparacionsvic.com\/wp-content\/uploads\/2025\/10\/carretilles-elevadores-de-lloguer-2.jpg\",\"contentUrl\":\"https:\/\/reparacionsvic.com\/wp-content\/uploads\/2025\/10\/carretilles-elevadores-de-lloguer-2.jpg\",\"width\":1200,\"height\":750,\"caption\":\"carretilles\"},{\"@type\":\"BreadcrumbList\",\"@id\":\"https:\/\/reparacionsvic.com\/per-que-les-carretilles-son-les-millors-aliades-per-a-la-maquinaria-agricola\/#breadcrumb\",\"itemListElement\":[{\"@type\":\"ListItem\",\"position\":1,\"name\":\"Inici\",\"item\":\"https:\/\/reparacionsvic.com\/\"},{\"@type\":\"ListItem\",\"position\":2,\"name\":\"Per qu\u00e8 les carretilles son les millors aliades per a la maquin\u00e0ria agr\u00edcola?\"}]},{\"@type\":\"WebSite\",\"@id\":\"https:\/\/reparacionsvic.com\/#website\",\"url\":\"https:\/\/reparacionsvic.com\/\",\"name\":\"Reparacions vic\",\"description\":\"Venta, lloguer i reparaci\u00f3 de maquin\u00e0ria a Vic\",\"potentialAction\":[{\"@type\":\"SearchAction\",\"target\":{\"@type\":\"EntryPoint\",\"urlTemplate\":\"https:\/\/reparacionsvic.com\/?s={search_term_string}\"},\"query-input\":{\"@type\":\"PropertyValueSpecification\",\"valueRequired\":true,\"valueName\":\"search_term_string\"}}],\"inLanguage\":\"es\"},{\"@type\":\"Person\",\"@id\":\"https:\/\/reparacionsvic.com\/#\/schema\/person\/bcfdfba75c12de5066de4573230dae54\",\"name\":\"Onlinevalles\",\"url\":\"https:\/\/reparacionsvic.com\/es\/author\/onlinevalles\/\"}]}<\/script>\n<!-- \/ Yoast SEO plugin. -->","yoast_head_json":{"title":"Per qu\u00e8 les carretilles son les millors aliades per a la maquin\u00e0ria agr\u00edcola? - Reparacions Vic","description":"Descobreix per qu\u00e8 la carretilla elevadora \u00e9s l\u2019aliat imprescindible per a la maquin\u00e0ria agr\u00edcola i confia en Reparacions Vic.","robots":{"index":"index","follow":"follow","max-snippet":"max-snippet:-1","max-image-preview":"max-image-preview:large","max-video-preview":"max-video-preview:-1"},"canonical":"https:\/\/reparacionsvic.com\/es\/per-que-les-carretilles-son-les-millors-aliades-per-a-la-maquinaria-agricola\/","og_locale":"es_ES","og_type":"article","og_title":"Per qu\u00e8 les carretilles son les millors aliades per a la maquin\u00e0ria agr\u00edcola? - Reparacions Vic","og_description":"Descobreix per qu\u00e8 la carretilla elevadora \u00e9s l\u2019aliat imprescindible per a la maquin\u00e0ria agr\u00edcola i confia en Reparacions Vic.","og_url":"https:\/\/reparacionsvic.com\/es\/per-que-les-carretilles-son-les-millors-aliades-per-a-la-maquinaria-agricola\/","og_site_name":"Reparacions Vic","article_published_time":"2025-10-21T09:49:12+00:00","article_modified_time":"2025-10-21T09:50:23+00:00","og_image":[{"width":1200,"height":750,"url":"https:\/\/reparacionsvic.com\/wp-content\/uploads\/2025\/10\/carretilles-elevadores-de-lloguer-2.jpg","type":"image\/jpeg"}],"author":"Onlinevalles","twitter_card":"summary_large_image","twitter_misc":{"Escrito por":"Onlinevalles","Tiempo de lectura":"5 minutos"},"schema":{"@context":"https:\/\/schema.org","@graph":[{"@type":"WebPage","@id":"https:\/\/reparacionsvic.com\/per-que-les-carretilles-son-les-millors-aliades-per-a-la-maquinaria-agricola\/","url":"https:\/\/reparacionsvic.com\/per-que-les-carretilles-son-les-millors-aliades-per-a-la-maquinaria-agricola\/","name":"Per qu\u00e8 les carretilles son les millors aliades per a la maquin\u00e0ria agr\u00edcola? - Reparacions Vic","isPartOf":{"@id":"https:\/\/reparacionsvic.com\/#website"},"primaryImageOfPage":{"@id":"https:\/\/reparacionsvic.com\/per-que-les-carretilles-son-les-millors-aliades-per-a-la-maquinaria-agricola\/#primaryimage"},"image":{"@id":"https:\/\/reparacionsvic.com\/per-que-les-carretilles-son-les-millors-aliades-per-a-la-maquinaria-agricola\/#primaryimage"},"thumbnailUrl":"https:\/\/reparacionsvic.com\/wp-content\/uploads\/2025\/10\/carretilles-elevadores-de-lloguer-2.jpg","datePublished":"2025-10-21T09:49:12+00:00","dateModified":"2025-10-21T09:50:23+00:00","author":{"@id":"https:\/\/reparacionsvic.com\/#\/schema\/person\/bcfdfba75c12de5066de4573230dae54"},"description":"Descobreix per qu\u00e8 la carretilla elevadora \u00e9s l\u2019aliat imprescindible per a la maquin\u00e0ria agr\u00edcola i confia en Reparacions Vic.","breadcrumb":{"@id":"https:\/\/reparacionsvic.com\/per-que-les-carretilles-son-les-millors-aliades-per-a-la-maquinaria-agricola\/#breadcrumb"},"inLanguage":"es","potentialAction":[{"@type":"ReadAction","target":["https:\/\/reparacionsvic.com\/per-que-les-carretilles-son-les-millors-aliades-per-a-la-maquinaria-agricola\/"]}]},{"@type":"ImageObject","inLanguage":"es","@id":"https:\/\/reparacionsvic.com\/per-que-les-carretilles-son-les-millors-aliades-per-a-la-maquinaria-agricola\/#primaryimage","url":"https:\/\/reparacionsvic.com\/wp-content\/uploads\/2025\/10\/carretilles-elevadores-de-lloguer-2.jpg","contentUrl":"https:\/\/reparacionsvic.com\/wp-content\/uploads\/2025\/10\/carretilles-elevadores-de-lloguer-2.jpg","width":1200,"height":750,"caption":"carretilles"},{"@type":"BreadcrumbList","@id":"https:\/\/reparacionsvic.com\/per-que-les-carretilles-son-les-millors-aliades-per-a-la-maquinaria-agricola\/#breadcrumb","itemListElement":[{"@type":"ListItem","position":1,"name":"Inici","item":"https:\/\/reparacionsvic.com\/"},{"@type":"ListItem","position":2,"name":"Per qu\u00e8 les carretilles son les millors aliades per a la maquin\u00e0ria agr\u00edcola?"}]},{"@type":"WebSite","@id":"https:\/\/reparacionsvic.com\/#website","url":"https:\/\/reparacionsvic.com\/","name":"Reparaciones vic","description":"Venta, alquiler y reparaci\u00f3n de maquinaria en Vic","potentialAction":[{"@type":"SearchAction","target":{"@type":"EntryPoint","urlTemplate":"https:\/\/reparacionsvic.com\/?s={search_term_string}"},"query-input":{"@type":"PropertyValueSpecification","valueRequired":true,"valueName":"search_term_string"}}],"inLanguage":"es"},{"@type":"Person","@id":"https:\/\/reparacionsvic.com\/#\/schema\/person\/bcfdfba75c12de5066de4573230dae54","name":"Onlinevallas","url":"https:\/\/reparacionsvic.com\/es\/author\/onlinevalles\/"}]}},"_links":{"self":[{"href":"https:\/\/reparacionsvic.com\/es\/wp-json\/wp\/v2\/posts\/1878","targetHints":{"allow":["GET"]}}],"collection":[{"href":"https:\/\/reparacionsvic.com\/es\/wp-json\/wp\/v2\/posts"}],"about":[{"href":"https:\/\/reparacionsvic.com\/es\/wp-json\/wp\/v2\/types\/post"}],"author":[{"embeddable":true,"href":"https:\/\/reparacionsvic.com\/es\/wp-json\/wp\/v2\/users\/3"}],"replies":[{"embeddable":true,"href":"https:\/\/reparacionsvic.com\/es\/wp-json\/wp\/v2\/comments?post=1878"}],"version-history":[{"count":3,"href":"https:\/\/reparacionsvic.com\/es\/wp-json\/wp\/v2\/posts\/1878\/revisions"}],"predecessor-version":[{"id":1885,"href":"https:\/\/reparacionsvic.com\/es\/wp-json\/wp\/v2\/posts\/1878\/revisions\/1885"}],"wp:featuredmedia":[{"embeddable":true,"href":"https:\/\/reparacionsvic.com\/es\/wp-json\/wp\/v2\/media\/1881"}],"wp:attachment":[{"href":"https:\/\/reparacionsvic.com\/es\/wp-json\/wp\/v2\/media?parent=1878"}],"wp:term":[{"taxonomy":"category","embeddable":true,"href":"https:\/\/reparacionsvic.com\/es\/wp-json\/wp\/v2\/categories?post=1878"},{"taxonomy":"post_tag","embeddable":true,"href":"https:\/\/reparacionsvic.com\/es\/wp-json\/wp\/v2\/tags?post=1878"}],"curies":[{"name":"wp","href":"https:\/\/api.w.org\/{rel}","templated":true}]}}