{"id":1904,"date":"2025-11-30T10:36:06","date_gmt":"2025-11-30T09:36:06","guid":{"rendered":"https:\/\/reparacionsvic.com\/?p=1904"},"modified":"2025-12-23T12:58:50","modified_gmt":"2025-12-23T11:58:50","slug":"per-que-el-lloguer-de-maquinaria-es-la-millor-solucio-per-a-professionals-de-lagricultura","status":"publish","type":"post","link":"https:\/\/reparacionsvic.com\/es\/per-que-el-lloguer-de-maquinaria-es-la-millor-solucio-per-a-professionals-de-lagricultura\/","title":{"rendered":"\u00bfPor qu\u00e9 el alquiler de maquinaria es la mejor soluci\u00f3n para profesionales de la agricultura?"},"content":{"rendered":"<h2 style=\"text-align: justify;\" data-start=\"245\" data-end=\"342\">Una opci\u00f3n flexible y eficiente para empresas y aut\u00f3nomos<\/h2>\n<p style=\"text-align: justify;\" data-start=\"344\" data-end=\"831\">El <a href=\"https:\/\/reparacionsvic.com\/es\/lloguer-de-maquinaria-vic\/\"><strong data-start=\"347\" data-end=\"378\">alquiler de maquinaria en Vic<\/strong><\/a> se ha convertido en una de las opciones m\u00e1s elegidas por los profesionales de la obra p\u00fablica, la agricultura, el movimiento de tierras y los servicios industriales. Tanto las grandes empresas como los aut\u00f3nomos buscan cada vez m\u00e1s alternativas que les permitan trabajar con equipos de alta calidad sin tener que asumir grandes inversiones. En ese contexto, el alquiler destaca como una soluci\u00f3n \u00e1gil, econ\u00f3mica y totalmente adaptada a las necesidades de cada proyecto. En la comarca de Osona, y especialmente en Vic, el sector de la construcci\u00f3n y actividad agr\u00edcola tienen un peso muy importante. Por este motivo, disponer de un servicio de <strong data-start=\"999\" data-end=\"1030\">alquiler de maquinaria en Vic<\/strong> fiable, r\u00e1pido y profesional es esencial para garantizar la continuidad de los trabajos, evitar paros y asegurar el m\u00e1ximo rendimiento.<\/p>\n<p data-start=\"344\" data-end=\"831\"><img fetchpriority=\"high\" decoding=\"async\" class=\"aligncenter wp-image-1919 size-full\" src=\"https:\/\/reparacionsvic.com\/wp-content\/uploads\/2025\/11\/lloguer-de-maquinaria-Vic.jpg\" alt=\"maquin\u00e0ria agr\u00edcola\" width=\"1200\" height=\"750\" srcset=\"https:\/\/reparacionsvic.com\/wp-content\/uploads\/2025\/11\/lloguer-de-maquinaria-Vic.jpg 1200w, https:\/\/reparacionsvic.com\/wp-content\/uploads\/2025\/11\/lloguer-de-maquinaria-Vic-300x188.jpg 300w, https:\/\/reparacionsvic.com\/wp-content\/uploads\/2025\/11\/lloguer-de-maquinaria-Vic-1024x640.jpg 1024w, https:\/\/reparacionsvic.com\/wp-content\/uploads\/2025\/11\/lloguer-de-maquinaria-Vic-768x480.jpg 768w, https:\/\/reparacionsvic.com\/wp-content\/uploads\/2025\/11\/lloguer-de-maquinaria-Vic-18x12.jpg 18w\" sizes=\"(max-width: 1200px) 100vw, 1200px\" \/><\/p>\n<h3 style=\"text-align: justify;\" data-start=\"1165\" data-end=\"1234\">Lo que necesitas justo el tiempo que lo necesitas<\/h3>\n<p style=\"text-align: justify;\" data-start=\"1236\" data-end=\"1565\">Uno de los principales beneficios del alquiler es la flexibilidad. No todos los proyectos necesitan de las mismas m\u00e1quinas, ni durante el mismo tiempo. El <a href=\"https:\/\/reparacionsvic.com\/es\/lloguer-de-maquinaria-a-vic-tot-el-que-cal-saber-abans-de-llogar-per-al-teu-projecte\/\"><strong data-start=\"999\" data-end=\"1030\">alquiler de maquinaria en Vic<\/strong><\/a> permite acceder s\u00f3lo al equipo necesario, por el per\u00edodo justo y con un coste totalmente controlado. De esta forma, se reducen los gastos fijos y se trabaja con mayor libertad. Otra ventaja es que el mantenimiento est\u00e1 incluido. Las empresas especializadas se encargan de tener todos los equipos revisados, puestos al d\u00eda y en perfecto estado de funcionamiento. Esto supone ahorrar tiempo, dinero y desagradables sorpresas t\u00e9cnicas durante la obra o el trabajo en el campo. Adem\u00e1s, el alquiler permite acceder a maquinaria moderna y de prestaciones avanzadas sin tener que asumir el coste de compra. Esto es especialmente \u00fatil en equipos como miniexcavadoras, elevadores, manipuladores telesc\u00f3picos o maquinaria agr\u00edcola, donde la tecnolog\u00eda evoluciona r\u00e1pidamente y la renovaci\u00f3n constante es clave para mantener la competitividad.<\/p>\n<p data-start=\"1236\" data-end=\"1565\"><img decoding=\"async\" class=\"aligncenter wp-image-1917 size-full\" src=\"https:\/\/reparacionsvic.com\/wp-content\/uploads\/2025\/11\/lloguer-de-maquinaria-Vic-2.jpg\" alt=\"maquin\u00e0ria agr\u00edcola\" width=\"1200\" height=\"750\" srcset=\"https:\/\/reparacionsvic.com\/wp-content\/uploads\/2025\/11\/lloguer-de-maquinaria-Vic-2.jpg 1200w, https:\/\/reparacionsvic.com\/wp-content\/uploads\/2025\/11\/lloguer-de-maquinaria-Vic-2-300x188.jpg 300w, https:\/\/reparacionsvic.com\/wp-content\/uploads\/2025\/11\/lloguer-de-maquinaria-Vic-2-1024x640.jpg 1024w, https:\/\/reparacionsvic.com\/wp-content\/uploads\/2025\/11\/lloguer-de-maquinaria-Vic-2-768x480.jpg 768w, https:\/\/reparacionsvic.com\/wp-content\/uploads\/2025\/11\/lloguer-de-maquinaria-Vic-2-18x12.jpg 18w\" sizes=\"(max-width: 1200px) 100vw, 1200px\" \/><\/p>\n<h2 style=\"text-align: justify;\" data-start=\"2199\" data-end=\"2257\"><strong data-start=\"2202\" data-end=\"2257\">Tipo de maquinaria disponible para el alquiler en Reparaciones Vic<\/strong><\/h2>\n<p style=\"text-align: justify;\" data-start=\"2259\" data-end=\"2372\">El servicio profesional de alquiler en Vic incluye una gama muy variada de equipos. Entre los m\u00e1s solicitados se encuentran:<\/p>\n<ul style=\"text-align: justify;\" data-start=\"2374\" data-end=\"2898\">\n<li data-start=\"2374\" data-end=\"2497\">\n<p data-start=\"2376\" data-end=\"2497\">Excavadoras y miniexcavadoras: ideales para movimiento de tierras, canalizaciones, escombros y trabajos en espacios reducidos.<\/p>\n<\/li>\n<li data-start=\"2498\" data-end=\"2606\">\n<p data-start=\"2500\" data-end=\"2606\">Carretillas elevadoras: indispensables para almacenes, industrias, f\u00e1bricas y empresas de log\u00edstica.<\/p>\n<\/li>\n<li data-start=\"2607\" data-end=\"2703\">\n<p data-start=\"2609\" data-end=\"2703\">Plataformas elevadoras y elevadores: utilizados para trabajos en altura con total seguridad.<\/p>\n<\/li>\n<li data-start=\"2704\" data-end=\"2789\">\n<p data-start=\"2706\" data-end=\"2789\">Maquinaria agr\u00edcola: tractores, trepadoras, accesorios y herramientas complementarias.<\/p>\n<\/li>\n<li data-start=\"2790\" data-end=\"2898\">\n<p data-start=\"2792\" data-end=\"2898\">Maquinaria para obras y mantenimientos: compresos, palas, martillos hidr\u00e1ulicos, retroexcavadoras y m\u00e1s.<\/p>\n<\/li>\n<\/ul>\n<p style=\"text-align: justify;\" data-start=\"2900\" data-end=\"3034\">Todos estos equipos se entregan preparados para trabajar, con revisiones al d\u00eda y opciones de transporte hasta el sitio de la obra o la finca.<\/p>\n<h2 style=\"text-align: justify;\" data-start=\"3036\" data-end=\"3101\"><strong data-start=\"3039\" data-end=\"3101\">\u00bfPor qu\u00e9 elegir un servicio local de alquiler de maquinaria?<\/strong><\/h2>\n<p style=\"text-align: justify;\" data-start=\"3103\" data-end=\"3402\">Cuando se trabaja en la comarca, apostar por un servicio local aporta grandes beneficios: respuesta r\u00e1pida, conocimiento del territorio y asistencia t\u00e9cnica inmediata en caso de necesidad. Disponer de un proveedor en Vic evita desplazamientos largos, reduce costes log\u00edsticos y permite empezar a trabajar antes. Adem\u00e1s, las empresas locales ofrecen un trato cercano y personalizado, asesoran sobre qu\u00e9 m\u00e1quina es la adecuada para cada proyecto y ayudan a optimizar el presupuesto, tal y como hacemos en Reparacions Vic. El <strong data-start=\"3636\" data-end=\"3667\">alquiler de maquinaria en Vic<\/strong> hoy es una de las opciones m\u00e1s inteligentes para profesionales que buscan eficiencia, flexibilidad y rendimiento. Ya sea por un proyecto puntual o por necesidades constantes, alquilar maquinaria permite trabajar con equipos modernos, seguros y totalmente adaptados a cada tarea.<\/p>\n<p data-start=\"3103\" data-end=\"3402\"><img decoding=\"async\" class=\"aligncenter wp-image-1918 size-full\" src=\"https:\/\/reparacionsvic.com\/wp-content\/uploads\/2025\/11\/lloguer-de-maquinaria-Vic-1.jpg\" alt=\"maquin\u00e0ria agr\u00edcola\" width=\"1200\" height=\"750\" srcset=\"https:\/\/reparacionsvic.com\/wp-content\/uploads\/2025\/11\/lloguer-de-maquinaria-Vic-1.jpg 1200w, https:\/\/reparacionsvic.com\/wp-content\/uploads\/2025\/11\/lloguer-de-maquinaria-Vic-1-300x188.jpg 300w, https:\/\/reparacionsvic.com\/wp-content\/uploads\/2025\/11\/lloguer-de-maquinaria-Vic-1-1024x640.jpg 1024w, https:\/\/reparacionsvic.com\/wp-content\/uploads\/2025\/11\/lloguer-de-maquinaria-Vic-1-768x480.jpg 768w, https:\/\/reparacionsvic.com\/wp-content\/uploads\/2025\/11\/lloguer-de-maquinaria-Vic-1-18x12.jpg 18w\" sizes=\"(max-width: 1200px) 100vw, 1200px\" \/><\/p>\n<h3 style=\"text-align: justify;\" data-start=\"198\" data-end=\"258\"><strong data-start=\"198\" data-end=\"258\">Un servicio pensado para reducir riesgos y optimizar recursos<\/strong><\/h3>\n<p style=\"text-align: justify;\" data-start=\"260\" data-end=\"1076\">Adem\u00e1s de facilitar el acceso a maquinaria especializada, el <a href=\"https:\/\/reparacionsvic.com\/es\/compra-venda-de-maquinaria-usada-vic\/\"><strong>alquiler de maquinaria en Vic<\/strong><\/a> tambi\u00e9n permite reducir riesgos operativos y econ\u00f3micos. Las empresas y aut\u00f3nomos no deben preocuparse por la depreciaci\u00f3n de los equipos ni por el espacio de almacenamiento cuando no se utilizan. Esta modalidad tambi\u00e9n ayuda a adaptarse r\u00e1pidamente a picos de trabajo, temporadas agrarias concretas o proyectos de obra imprevistos, sin comprometer el presupuesto anual. La capacidad de disponer de una m\u00e1quina concreta s\u00f3lo cuando realmente se necesita se traduce en una operativa m\u00e1s eficiente y gesti\u00f3n de recursos mucho m\u00e1s sostenible. Por eso, cada vez m\u00e1s profesionales de Osona optan por este sistema, que garantiza control, rentabilidad y la tranquilidad de saber que siempre se trabajar\u00e1 con equipamiento en perfectas condiciones.<\/p>","protected":false},"excerpt":{"rendered":"<p>Una opci\u00f3n flexible y eficiente para empresas y aut\u00f3nomos El alquiler de maquinaria en Vic se ha convertido en una de las opciones m\u00e1s elegidas por los profesionales de la obra p\u00fablica, la agricultura, el movimiento de tierras y los servicios industriales. Tanto las empresas grandes como los aut\u00f3nomos buscan cada vez m\u00e1s alternativas que les permitan trabajar [\u2026]<\/p>","protected":false},"author":3,"featured_media":1916,"comment_status":"closed","ping_status":"closed","sticky":false,"template":"","format":"standard","meta":{"_acf_changed":false,"footnotes":""},"categories":[1,27],"tags":[28],"class_list":["post-1904","post","type-post","status-publish","format-standard","has-post-thumbnail","hentry","category-blog","category-lloguer-de-maquinaria-a-vic","tag-lloguer-de-maquinaria-a-vic"],"acf":[],"yoast_head":"<!-- This site is optimized with the Yoast SEO plugin v26.1.1 - https:\/\/yoast.com\/wordpress\/plugins\/seo\/ -->\n<title>Per qu\u00e8 el lloguer de maquin\u00e0ria \u00e9s la millor soluci\u00f3 per a professionals de l&#039;agricultura? - Reparacions Vic<\/title>\n<meta name=\"description\" content=\"Descobreix per qu\u00e8 el lloguer de maquin\u00e0ria \u00e9s la millor soluci\u00f3 per als professionals de l\u2019agricultura amb Reparacions Vic.\" \/>\n<meta name=\"robots\" content=\"index, follow, max-snippet:-1, max-image-preview:large, max-video-preview:-1\" \/>\n<link rel=\"canonical\" href=\"https:\/\/reparacionsvic.com\/es\/per-que-el-lloguer-de-maquinaria-es-la-millor-solucio-per-a-professionals-de-lagricultura\/\" \/>\n<meta property=\"og:locale\" content=\"es_ES\" \/>\n<meta property=\"og:type\" content=\"article\" \/>\n<meta property=\"og:title\" content=\"Per qu\u00e8 el lloguer de maquin\u00e0ria \u00e9s la millor soluci\u00f3 per a professionals de l&#039;agricultura? - Reparacions Vic\" \/>\n<meta property=\"og:description\" content=\"Descobreix per qu\u00e8 el lloguer de maquin\u00e0ria \u00e9s la millor soluci\u00f3 per als professionals de l\u2019agricultura amb Reparacions Vic.\" \/>\n<meta property=\"og:url\" content=\"https:\/\/reparacionsvic.com\/es\/per-que-el-lloguer-de-maquinaria-es-la-millor-solucio-per-a-professionals-de-lagricultura\/\" \/>\n<meta property=\"og:site_name\" content=\"Reparacions Vic\" \/>\n<meta property=\"article:published_time\" content=\"2025-11-30T09:36:06+00:00\" \/>\n<meta property=\"article:modified_time\" content=\"2025-12-23T11:58:50+00:00\" \/>\n<meta property=\"og:image\" content=\"https:\/\/reparacionsvic.com\/wp-content\/uploads\/2025\/11\/lloguer-de-maquinaria-Vic-3.jpg\" \/>\n\t<meta property=\"og:image:width\" content=\"1200\" \/>\n\t<meta property=\"og:image:height\" content=\"750\" \/>\n\t<meta property=\"og:image:type\" content=\"image\/jpeg\" \/>\n<meta name=\"author\" content=\"Onlinevalles\" \/>\n<meta name=\"twitter:card\" content=\"summary_large_image\" \/>\n<meta name=\"twitter:label1\" content=\"Escrito por\" \/>\n\t<meta name=\"twitter:data1\" content=\"Onlinevalles\" \/>\n\t<meta name=\"twitter:label2\" content=\"Tiempo de lectura\" \/>\n\t<meta name=\"twitter:data2\" content=\"5 minutos\" \/>\n<script type=\"application\/ld+json\" class=\"yoast-schema-graph\">{\"@context\":\"https:\/\/schema.org\",\"@graph\":[{\"@type\":\"WebPage\",\"@id\":\"https:\/\/reparacionsvic.com\/per-que-el-lloguer-de-maquinaria-es-la-millor-solucio-per-a-professionals-de-lagricultura\/\",\"url\":\"https:\/\/reparacionsvic.com\/per-que-el-lloguer-de-maquinaria-es-la-millor-solucio-per-a-professionals-de-lagricultura\/\",\"name\":\"Per qu\u00e8 el lloguer de maquin\u00e0ria \u00e9s la millor soluci\u00f3 per a professionals de l'agricultura? - Reparacions Vic\",\"isPartOf\":{\"@id\":\"https:\/\/reparacionsvic.com\/#website\"},\"primaryImageOfPage\":{\"@id\":\"https:\/\/reparacionsvic.com\/per-que-el-lloguer-de-maquinaria-es-la-millor-solucio-per-a-professionals-de-lagricultura\/#primaryimage\"},\"image\":{\"@id\":\"https:\/\/reparacionsvic.com\/per-que-el-lloguer-de-maquinaria-es-la-millor-solucio-per-a-professionals-de-lagricultura\/#primaryimage\"},\"thumbnailUrl\":\"https:\/\/reparacionsvic.com\/wp-content\/uploads\/2025\/11\/lloguer-de-maquinaria-Vic-3.jpg\",\"datePublished\":\"2025-11-30T09:36:06+00:00\",\"dateModified\":\"2025-12-23T11:58:50+00:00\",\"author\":{\"@id\":\"https:\/\/reparacionsvic.com\/#\/schema\/person\/bcfdfba75c12de5066de4573230dae54\"},\"description\":\"Descobreix per qu\u00e8 el lloguer de maquin\u00e0ria \u00e9s la millor soluci\u00f3 per als professionals de l\u2019agricultura amb Reparacions Vic.\",\"breadcrumb\":{\"@id\":\"https:\/\/reparacionsvic.com\/per-que-el-lloguer-de-maquinaria-es-la-millor-solucio-per-a-professionals-de-lagricultura\/#breadcrumb\"},\"inLanguage\":\"es\",\"potentialAction\":[{\"@type\":\"ReadAction\",\"target\":[\"https:\/\/reparacionsvic.com\/per-que-el-lloguer-de-maquinaria-es-la-millor-solucio-per-a-professionals-de-lagricultura\/\"]}]},{\"@type\":\"ImageObject\",\"inLanguage\":\"es\",\"@id\":\"https:\/\/reparacionsvic.com\/per-que-el-lloguer-de-maquinaria-es-la-millor-solucio-per-a-professionals-de-lagricultura\/#primaryimage\",\"url\":\"https:\/\/reparacionsvic.com\/wp-content\/uploads\/2025\/11\/lloguer-de-maquinaria-Vic-3.jpg\",\"contentUrl\":\"https:\/\/reparacionsvic.com\/wp-content\/uploads\/2025\/11\/lloguer-de-maquinaria-Vic-3.jpg\",\"width\":1200,\"height\":750,\"caption\":\"maquin\u00e0ria agr\u00edcola\"},{\"@type\":\"BreadcrumbList\",\"@id\":\"https:\/\/reparacionsvic.com\/per-que-el-lloguer-de-maquinaria-es-la-millor-solucio-per-a-professionals-de-lagricultura\/#breadcrumb\",\"itemListElement\":[{\"@type\":\"ListItem\",\"position\":1,\"name\":\"Inici\",\"item\":\"https:\/\/reparacionsvic.com\/\"},{\"@type\":\"ListItem\",\"position\":2,\"name\":\"Per qu\u00e8 el lloguer de maquin\u00e0ria \u00e9s la millor soluci\u00f3 per a professionals de l&#8217;agricultura?\"}]},{\"@type\":\"WebSite\",\"@id\":\"https:\/\/reparacionsvic.com\/#website\",\"url\":\"https:\/\/reparacionsvic.com\/\",\"name\":\"Reparacions vic\",\"description\":\"Venta, lloguer i reparaci\u00f3 de maquin\u00e0ria a Vic\",\"potentialAction\":[{\"@type\":\"SearchAction\",\"target\":{\"@type\":\"EntryPoint\",\"urlTemplate\":\"https:\/\/reparacionsvic.com\/?s={search_term_string}\"},\"query-input\":{\"@type\":\"PropertyValueSpecification\",\"valueRequired\":true,\"valueName\":\"search_term_string\"}}],\"inLanguage\":\"es\"},{\"@type\":\"Person\",\"@id\":\"https:\/\/reparacionsvic.com\/#\/schema\/person\/bcfdfba75c12de5066de4573230dae54\",\"name\":\"Onlinevalles\",\"url\":\"https:\/\/reparacionsvic.com\/es\/author\/onlinevalles\/\"}]}<\/script>\n<!-- \/ Yoast SEO plugin. -->","yoast_head_json":{"title":"Per qu\u00e8 el lloguer de maquin\u00e0ria \u00e9s la millor soluci\u00f3 per a professionals de l'agricultura? - Reparacions Vic","description":"Descobreix per qu\u00e8 el lloguer de maquin\u00e0ria \u00e9s la millor soluci\u00f3 per als professionals de l\u2019agricultura amb Reparacions Vic.","robots":{"index":"index","follow":"follow","max-snippet":"max-snippet:-1","max-image-preview":"max-image-preview:large","max-video-preview":"max-video-preview:-1"},"canonical":"https:\/\/reparacionsvic.com\/es\/per-que-el-lloguer-de-maquinaria-es-la-millor-solucio-per-a-professionals-de-lagricultura\/","og_locale":"es_ES","og_type":"article","og_title":"Per qu\u00e8 el lloguer de maquin\u00e0ria \u00e9s la millor soluci\u00f3 per a professionals de l'agricultura? - Reparacions Vic","og_description":"Descobreix per qu\u00e8 el lloguer de maquin\u00e0ria \u00e9s la millor soluci\u00f3 per als professionals de l\u2019agricultura amb Reparacions Vic.","og_url":"https:\/\/reparacionsvic.com\/es\/per-que-el-lloguer-de-maquinaria-es-la-millor-solucio-per-a-professionals-de-lagricultura\/","og_site_name":"Reparacions Vic","article_published_time":"2025-11-30T09:36:06+00:00","article_modified_time":"2025-12-23T11:58:50+00:00","og_image":[{"width":1200,"height":750,"url":"https:\/\/reparacionsvic.com\/wp-content\/uploads\/2025\/11\/lloguer-de-maquinaria-Vic-3.jpg","type":"image\/jpeg"}],"author":"Onlinevalles","twitter_card":"summary_large_image","twitter_misc":{"Escrito por":"Onlinevalles","Tiempo de lectura":"5 minutos"},"schema":{"@context":"https:\/\/schema.org","@graph":[{"@type":"WebPage","@id":"https:\/\/reparacionsvic.com\/per-que-el-lloguer-de-maquinaria-es-la-millor-solucio-per-a-professionals-de-lagricultura\/","url":"https:\/\/reparacionsvic.com\/per-que-el-lloguer-de-maquinaria-es-la-millor-solucio-per-a-professionals-de-lagricultura\/","name":"Per qu\u00e8 el lloguer de maquin\u00e0ria \u00e9s la millor soluci\u00f3 per a professionals de l'agricultura? - Reparacions Vic","isPartOf":{"@id":"https:\/\/reparacionsvic.com\/#website"},"primaryImageOfPage":{"@id":"https:\/\/reparacionsvic.com\/per-que-el-lloguer-de-maquinaria-es-la-millor-solucio-per-a-professionals-de-lagricultura\/#primaryimage"},"image":{"@id":"https:\/\/reparacionsvic.com\/per-que-el-lloguer-de-maquinaria-es-la-millor-solucio-per-a-professionals-de-lagricultura\/#primaryimage"},"thumbnailUrl":"https:\/\/reparacionsvic.com\/wp-content\/uploads\/2025\/11\/lloguer-de-maquinaria-Vic-3.jpg","datePublished":"2025-11-30T09:36:06+00:00","dateModified":"2025-12-23T11:58:50+00:00","author":{"@id":"https:\/\/reparacionsvic.com\/#\/schema\/person\/bcfdfba75c12de5066de4573230dae54"},"description":"Descobreix per qu\u00e8 el lloguer de maquin\u00e0ria \u00e9s la millor soluci\u00f3 per als professionals de l\u2019agricultura amb Reparacions Vic.","breadcrumb":{"@id":"https:\/\/reparacionsvic.com\/per-que-el-lloguer-de-maquinaria-es-la-millor-solucio-per-a-professionals-de-lagricultura\/#breadcrumb"},"inLanguage":"es","potentialAction":[{"@type":"ReadAction","target":["https:\/\/reparacionsvic.com\/per-que-el-lloguer-de-maquinaria-es-la-millor-solucio-per-a-professionals-de-lagricultura\/"]}]},{"@type":"ImageObject","inLanguage":"es","@id":"https:\/\/reparacionsvic.com\/per-que-el-lloguer-de-maquinaria-es-la-millor-solucio-per-a-professionals-de-lagricultura\/#primaryimage","url":"https:\/\/reparacionsvic.com\/wp-content\/uploads\/2025\/11\/lloguer-de-maquinaria-Vic-3.jpg","contentUrl":"https:\/\/reparacionsvic.com\/wp-content\/uploads\/2025\/11\/lloguer-de-maquinaria-Vic-3.jpg","width":1200,"height":750,"caption":"maquin\u00e0ria agr\u00edcola"},{"@type":"BreadcrumbList","@id":"https:\/\/reparacionsvic.com\/per-que-el-lloguer-de-maquinaria-es-la-millor-solucio-per-a-professionals-de-lagricultura\/#breadcrumb","itemListElement":[{"@type":"ListItem","position":1,"name":"Inici","item":"https:\/\/reparacionsvic.com\/"},{"@type":"ListItem","position":2,"name":"Per qu\u00e8 el lloguer de maquin\u00e0ria \u00e9s la millor soluci\u00f3 per a professionals de l&#8217;agricultura?"}]},{"@type":"WebSite","@id":"https:\/\/reparacionsvic.com\/#website","url":"https:\/\/reparacionsvic.com\/","name":"Reparaciones vic","description":"Venta, alquiler y reparaci\u00f3n de maquinaria en Vic","potentialAction":[{"@type":"SearchAction","target":{"@type":"EntryPoint","urlTemplate":"https:\/\/reparacionsvic.com\/?s={search_term_string}"},"query-input":{"@type":"PropertyValueSpecification","valueRequired":true,"valueName":"search_term_string"}}],"inLanguage":"es"},{"@type":"Person","@id":"https:\/\/reparacionsvic.com\/#\/schema\/person\/bcfdfba75c12de5066de4573230dae54","name":"Onlinevallas","url":"https:\/\/reparacionsvic.com\/es\/author\/onlinevalles\/"}]}},"_links":{"self":[{"href":"https:\/\/reparacionsvic.com\/es\/wp-json\/wp\/v2\/posts\/1904","targetHints":{"allow":["GET"]}}],"collection":[{"href":"https:\/\/reparacionsvic.com\/es\/wp-json\/wp\/v2\/posts"}],"about":[{"href":"https:\/\/reparacionsvic.com\/es\/wp-json\/wp\/v2\/types\/post"}],"author":[{"embeddable":true,"href":"https:\/\/reparacionsvic.com\/es\/wp-json\/wp\/v2\/users\/3"}],"replies":[{"embeddable":true,"href":"https:\/\/reparacionsvic.com\/es\/wp-json\/wp\/v2\/comments?post=1904"}],"version-history":[{"count":5,"href":"https:\/\/reparacionsvic.com\/es\/wp-json\/wp\/v2\/posts\/1904\/revisions"}],"predecessor-version":[{"id":1921,"href":"https:\/\/reparacionsvic.com\/es\/wp-json\/wp\/v2\/posts\/1904\/revisions\/1921"}],"wp:featuredmedia":[{"embeddable":true,"href":"https:\/\/reparacionsvic.com\/es\/wp-json\/wp\/v2\/media\/1916"}],"wp:attachment":[{"href":"https:\/\/reparacionsvic.com\/es\/wp-json\/wp\/v2\/media?parent=1904"}],"wp:term":[{"taxonomy":"category","embeddable":true,"href":"https:\/\/reparacionsvic.com\/es\/wp-json\/wp\/v2\/categories?post=1904"},{"taxonomy":"post_tag","embeddable":true,"href":"https:\/\/reparacionsvic.com\/es\/wp-json\/wp\/v2\/tags?post=1904"}],"curies":[{"name":"wp","href":"https:\/\/api.w.org\/{rel}","templated":true}]}}