{"id":442,"date":"2025-04-14T14:28:43","date_gmt":"2025-04-14T14:28:43","guid":{"rendered":"https:\/\/reparacionsvic.com\/?p=442"},"modified":"2025-06-05T11:07:55","modified_gmt":"2025-06-05T11:07:55","slug":"estrenem-nova-pagina-web-mes-innovadora-rapida-i-completa","status":"publish","type":"post","link":"https:\/\/reparacionsvic.com\/es\/estrenem-nova-pagina-web-mes-innovadora-rapida-i-completa\/","title":{"rendered":"Estrenamos Nueva P\u00e1gina Web! M\u00e1s Innovadora, R\u00e1pida y Completa"},"content":{"rendered":"<p>En Reparacions Vic, nuestra misi\u00f3n es ofrecerte el mejor servicio en reparaciones, repuestos y maquinaria. Por eso, hemos trabajado intensamente para renovar nuestra presencia online y \u00a1hoy te presentamos la nueva p\u00e1gina web! Con un dise\u00f1o m\u00e1s moderno, funcional e intuitivo, queremos que la experiencia de navegar por ella sea m\u00e1s \u00e1gil y \u00fatil para todos nuestros clientes.<\/p>\n<h2>\u00bfQu\u00e9 encontrar\u00e1s en nuestra nueva web?<\/h2>\n<ul>\n<li>Dise\u00f1o renovado y f\u00e1cil de navegar \u2013 Hemos creado una interfaz m\u00e1s clara y accesible para que puedas encontrar toda la informaci\u00f3n de forma r\u00e1pida.<\/li>\n<li>Cat\u00e1logo de servicios detallado \u2013 Ahora puedes explorar con mayor facilidad todo lo que ofrecemos en reparaciones de maquinaria, repuestos, alquiler y venta de maquinaria nueva y de segunda mano.<\/li>\n<li>Consulta nuestras marcas \u2013 Trabajamos con fabricantes l\u00edderes como Takeuchi, AUSA, Yanmar, Merlo, Fiori y muchos m\u00e1s. Ahora encontrar la mejor maquinaria para tu proyecto es m\u00e1s sencillo.<\/li>\n<li>Compatible con todos los dispositivos \u2013 Tanto si accedes desde tu m\u00f3vil, tableta u ordenador, nuestra web se adapta para ofrecerte una experiencia \u00f3ptima.<\/li>\n<li>Blog y noticias del sector \u2013 Mantente informado sobre novedades, consejos de mantenimiento, promociones especiales y nuevas incorporaciones a nuestro cat\u00e1logo.<\/li>\n<li>Contacto r\u00e1pido y sencillo \u2013 \u00bfTienes alguna consulta? \u00bfQuieres pedir un presupuesto? \u00a1Ahora lo puedes hacer en pocos clics!<\/li>\n<\/ul>\n<h2>Una web pensada para profesionales del sector<\/h2>\n<p>Sabemos que el tiempo es esencial en tu d\u00eda a d\u00eda. Por eso, hemos estructurado la nueva p\u00e1gina web para que puedas encontrar r\u00e1pidamente la informaci\u00f3n que necesitas, tanto si buscas una m\u00e1quina nueva o de segunda mano, un repuesto espec\u00edfico o un servicio de reparaci\u00f3n urgente.<\/p>\n<p>Adem\u00e1s, hemos mejorado nuestro sistema de solicitud de informaci\u00f3n para que puedas contactar con nosotros de forma m\u00e1s \u00e1gil, ya sea para solicitar presupuestos, informaci\u00f3n sobre repuestos o para solicitar un servicio de reparaci\u00f3n.<\/p>\n<h2>\u00a1Celebramos el lanzamiento contigo! Vis\u00edtanos<\/h2>\n<p>Para inaugurar nuestra nueva p\u00e1gina web, le invitamos a explorarla y descubrir todo lo que podemos ofrecerte. Adem\u00e1s, si nos contactas a trav\u00e9s de la web durante las pr\u00f3ximas semanas, \u00a1podr\u00e1s acceder a promociones especiales en repuestos y servicios de mantenimiento!<\/p>\n<p>En Reparacions Vic, seguimos avanzando para ofrecerte un servicio de calidad, con la experiencia y profesionalidad que nos caracteriza. \u00a1Gracias por confiar en nosotros!<\/p>","protected":false},"excerpt":{"rendered":"<p>En Reparacions Vic, nuestra misi\u00f3n es ofrecerte el mejor servicio en reparaciones, repuestos y maquinaria. Por eso, hemos trabajado intensamente para renovar nuestra presencia online y \u00a1hoy te presentamos la nueva p\u00e1gina web! Con un dise\u00f1o m\u00e1s moderno, funcional e intuitivo, queremos que la experiencia de navegar sea m\u00e1s \u00e1gil y \u00fatil para [\u2026]<\/p>","protected":false},"author":2,"featured_media":1573,"comment_status":"closed","ping_status":"closed","sticky":false,"template":"","format":"standard","meta":{"_acf_changed":false,"footnotes":""},"categories":[1],"tags":[],"class_list":["post-442","post","type-post","status-publish","format-standard","has-post-thumbnail","hentry","category-blog"],"acf":[],"yoast_head":"<!-- This site is optimized with the Yoast SEO plugin v26.1.1 - https:\/\/yoast.com\/wordpress\/plugins\/seo\/ -->\n<title>Estrenem Nova P\u00e0gina Web! M\u00e9s Innovadora, R\u00e0pida i Completa - Reparacions Vic<\/title>\n<meta name=\"robots\" content=\"index, follow, max-snippet:-1, max-image-preview:large, max-video-preview:-1\" \/>\n<link rel=\"canonical\" href=\"https:\/\/reparacionsvic.com\/es\/estrenem-nova-pagina-web-mes-innovadora-rapida-i-completa\/\" \/>\n<meta property=\"og:locale\" content=\"es_ES\" \/>\n<meta property=\"og:type\" content=\"article\" \/>\n<meta property=\"og:title\" content=\"Estrenem Nova P\u00e0gina Web! M\u00e9s Innovadora, R\u00e0pida i Completa - Reparacions Vic\" \/>\n<meta property=\"og:description\" content=\"A Reparacions Vic, la nostra missi\u00f3 \u00e9s oferir-te el millor servei en reparacions, recanvis i maquin\u00e0ria. Per aix\u00f2, hem treballat intensament per renovar la nostra pres\u00e8ncia online i avui et presentem la nova p\u00e0gina web! Amb un disseny m\u00e9s modern, funcional i intu\u00eftiu, volem que l\u2019experi\u00e8ncia de navegar-hi sigui m\u00e9s \u00e0gil i \u00fatil per a [&hellip;]\" \/>\n<meta property=\"og:url\" content=\"https:\/\/reparacionsvic.com\/es\/estrenem-nova-pagina-web-mes-innovadora-rapida-i-completa\/\" \/>\n<meta property=\"og:site_name\" content=\"Reparacions Vic\" \/>\n<meta property=\"article:published_time\" content=\"2025-04-14T14:28:43+00:00\" \/>\n<meta property=\"article:modified_time\" content=\"2025-06-05T11:07:55+00:00\" \/>\n<meta property=\"og:image\" content=\"https:\/\/reparacionsvic.com\/wp-content\/uploads\/2025\/05\/A_RTFL_930_INDUSTRY_PRO_1.jpeg\" \/>\n\t<meta property=\"og:image:width\" content=\"991\" \/>\n\t<meta property=\"og:image:height\" content=\"744\" \/>\n\t<meta property=\"og:image:type\" content=\"image\/jpeg\" \/>\n<meta name=\"author\" content=\"Soporte\" \/>\n<meta name=\"twitter:card\" content=\"summary_large_image\" \/>\n<meta name=\"twitter:label1\" content=\"Escrito por\" \/>\n\t<meta name=\"twitter:data1\" content=\"Soporte\" \/>\n\t<meta name=\"twitter:label2\" content=\"Tiempo de lectura\" \/>\n\t<meta name=\"twitter:data2\" content=\"2 minutos\" \/>\n<script type=\"application\/ld+json\" class=\"yoast-schema-graph\">{\"@context\":\"https:\/\/schema.org\",\"@graph\":[{\"@type\":\"WebPage\",\"@id\":\"https:\/\/reparacionsvic.com\/estrenem-nova-pagina-web-mes-innovadora-rapida-i-completa\/\",\"url\":\"https:\/\/reparacionsvic.com\/estrenem-nova-pagina-web-mes-innovadora-rapida-i-completa\/\",\"name\":\"Estrenem Nova P\u00e0gina Web! M\u00e9s Innovadora, R\u00e0pida i Completa - Reparacions Vic\",\"isPartOf\":{\"@id\":\"https:\/\/reparacionsvic.com\/#website\"},\"primaryImageOfPage\":{\"@id\":\"https:\/\/reparacionsvic.com\/estrenem-nova-pagina-web-mes-innovadora-rapida-i-completa\/#primaryimage\"},\"image\":{\"@id\":\"https:\/\/reparacionsvic.com\/estrenem-nova-pagina-web-mes-innovadora-rapida-i-completa\/#primaryimage\"},\"thumbnailUrl\":\"https:\/\/reparacionsvic.com\/wp-content\/uploads\/2025\/05\/A_RTFL_930_INDUSTRY_PRO_1.jpeg\",\"datePublished\":\"2025-04-14T14:28:43+00:00\",\"dateModified\":\"2025-06-05T11:07:55+00:00\",\"author\":{\"@id\":\"https:\/\/reparacionsvic.com\/#\/schema\/person\/a3a39d5fe7358c22dc5dd10f448946df\"},\"breadcrumb\":{\"@id\":\"https:\/\/reparacionsvic.com\/estrenem-nova-pagina-web-mes-innovadora-rapida-i-completa\/#breadcrumb\"},\"inLanguage\":\"es\",\"potentialAction\":[{\"@type\":\"ReadAction\",\"target\":[\"https:\/\/reparacionsvic.com\/estrenem-nova-pagina-web-mes-innovadora-rapida-i-completa\/\"]}]},{\"@type\":\"ImageObject\",\"inLanguage\":\"es\",\"@id\":\"https:\/\/reparacionsvic.com\/estrenem-nova-pagina-web-mes-innovadora-rapida-i-completa\/#primaryimage\",\"url\":\"https:\/\/reparacionsvic.com\/wp-content\/uploads\/2025\/05\/A_RTFL_930_INDUSTRY_PRO_1.jpeg\",\"contentUrl\":\"https:\/\/reparacionsvic.com\/wp-content\/uploads\/2025\/05\/A_RTFL_930_INDUSTRY_PRO_1.jpeg\",\"width\":991,\"height\":744},{\"@type\":\"BreadcrumbList\",\"@id\":\"https:\/\/reparacionsvic.com\/estrenem-nova-pagina-web-mes-innovadora-rapida-i-completa\/#breadcrumb\",\"itemListElement\":[{\"@type\":\"ListItem\",\"position\":1,\"name\":\"Inici\",\"item\":\"https:\/\/reparacionsvic.com\/\"},{\"@type\":\"ListItem\",\"position\":2,\"name\":\"Estrenem Nova P\u00e0gina Web! M\u00e9s Innovadora, R\u00e0pida i Completa\"}]},{\"@type\":\"WebSite\",\"@id\":\"https:\/\/reparacionsvic.com\/#website\",\"url\":\"https:\/\/reparacionsvic.com\/\",\"name\":\"Reparacions vic\",\"description\":\"Venta, lloguer i reparaci\u00f3 de maquin\u00e0ria a Vic\",\"potentialAction\":[{\"@type\":\"SearchAction\",\"target\":{\"@type\":\"EntryPoint\",\"urlTemplate\":\"https:\/\/reparacionsvic.com\/?s={search_term_string}\"},\"query-input\":{\"@type\":\"PropertyValueSpecification\",\"valueRequired\":true,\"valueName\":\"search_term_string\"}}],\"inLanguage\":\"es\"},{\"@type\":\"Person\",\"@id\":\"https:\/\/reparacionsvic.com\/#\/schema\/person\/a3a39d5fe7358c22dc5dd10f448946df\",\"name\":\"Soporte\",\"url\":\"https:\/\/reparacionsvic.com\/es\/author\/soporte\/\"}]}<\/script>\n<!-- \/ Yoast SEO plugin. -->","yoast_head_json":{"title":"Estrenem Nova P\u00e0gina Web! M\u00e9s Innovadora, R\u00e0pida i Completa - Reparacions Vic","robots":{"index":"index","follow":"follow","max-snippet":"max-snippet:-1","max-image-preview":"max-image-preview:large","max-video-preview":"max-video-preview:-1"},"canonical":"https:\/\/reparacionsvic.com\/es\/estrenem-nova-pagina-web-mes-innovadora-rapida-i-completa\/","og_locale":"es_ES","og_type":"article","og_title":"Estrenem Nova P\u00e0gina Web! M\u00e9s Innovadora, R\u00e0pida i Completa - Reparacions Vic","og_description":"A Reparacions Vic, la nostra missi\u00f3 \u00e9s oferir-te el millor servei en reparacions, recanvis i maquin\u00e0ria. Per aix\u00f2, hem treballat intensament per renovar la nostra pres\u00e8ncia online i avui et presentem la nova p\u00e0gina web! Amb un disseny m\u00e9s modern, funcional i intu\u00eftiu, volem que l\u2019experi\u00e8ncia de navegar-hi sigui m\u00e9s \u00e0gil i \u00fatil per a [&hellip;]","og_url":"https:\/\/reparacionsvic.com\/es\/estrenem-nova-pagina-web-mes-innovadora-rapida-i-completa\/","og_site_name":"Reparacions Vic","article_published_time":"2025-04-14T14:28:43+00:00","article_modified_time":"2025-06-05T11:07:55+00:00","og_image":[{"width":991,"height":744,"url":"https:\/\/reparacionsvic.com\/wp-content\/uploads\/2025\/05\/A_RTFL_930_INDUSTRY_PRO_1.jpeg","type":"image\/jpeg"}],"author":"Soporte","twitter_card":"summary_large_image","twitter_misc":{"Escrito por":"Soporte","Tiempo de lectura":"2 minutos"},"schema":{"@context":"https:\/\/schema.org","@graph":[{"@type":"WebPage","@id":"https:\/\/reparacionsvic.com\/estrenem-nova-pagina-web-mes-innovadora-rapida-i-completa\/","url":"https:\/\/reparacionsvic.com\/estrenem-nova-pagina-web-mes-innovadora-rapida-i-completa\/","name":"Estrenem Nova P\u00e0gina Web! M\u00e9s Innovadora, R\u00e0pida i Completa - Reparacions Vic","isPartOf":{"@id":"https:\/\/reparacionsvic.com\/#website"},"primaryImageOfPage":{"@id":"https:\/\/reparacionsvic.com\/estrenem-nova-pagina-web-mes-innovadora-rapida-i-completa\/#primaryimage"},"image":{"@id":"https:\/\/reparacionsvic.com\/estrenem-nova-pagina-web-mes-innovadora-rapida-i-completa\/#primaryimage"},"thumbnailUrl":"https:\/\/reparacionsvic.com\/wp-content\/uploads\/2025\/05\/A_RTFL_930_INDUSTRY_PRO_1.jpeg","datePublished":"2025-04-14T14:28:43+00:00","dateModified":"2025-06-05T11:07:55+00:00","author":{"@id":"https:\/\/reparacionsvic.com\/#\/schema\/person\/a3a39d5fe7358c22dc5dd10f448946df"},"breadcrumb":{"@id":"https:\/\/reparacionsvic.com\/estrenem-nova-pagina-web-mes-innovadora-rapida-i-completa\/#breadcrumb"},"inLanguage":"es","potentialAction":[{"@type":"ReadAction","target":["https:\/\/reparacionsvic.com\/estrenem-nova-pagina-web-mes-innovadora-rapida-i-completa\/"]}]},{"@type":"ImageObject","inLanguage":"es","@id":"https:\/\/reparacionsvic.com\/estrenem-nova-pagina-web-mes-innovadora-rapida-i-completa\/#primaryimage","url":"https:\/\/reparacionsvic.com\/wp-content\/uploads\/2025\/05\/A_RTFL_930_INDUSTRY_PRO_1.jpeg","contentUrl":"https:\/\/reparacionsvic.com\/wp-content\/uploads\/2025\/05\/A_RTFL_930_INDUSTRY_PRO_1.jpeg","width":991,"height":744},{"@type":"BreadcrumbList","@id":"https:\/\/reparacionsvic.com\/estrenem-nova-pagina-web-mes-innovadora-rapida-i-completa\/#breadcrumb","itemListElement":[{"@type":"ListItem","position":1,"name":"Inici","item":"https:\/\/reparacionsvic.com\/"},{"@type":"ListItem","position":2,"name":"Estrenem Nova P\u00e0gina Web! M\u00e9s Innovadora, R\u00e0pida i Completa"}]},{"@type":"WebSite","@id":"https:\/\/reparacionsvic.com\/#website","url":"https:\/\/reparacionsvic.com\/","name":"Reparaciones vic","description":"Venta, alquiler y reparaci\u00f3n de maquinaria en Vic","potentialAction":[{"@type":"SearchAction","target":{"@type":"EntryPoint","urlTemplate":"https:\/\/reparacionsvic.com\/?s={search_term_string}"},"query-input":{"@type":"PropertyValueSpecification","valueRequired":true,"valueName":"search_term_string"}}],"inLanguage":"es"},{"@type":"Person","@id":"https:\/\/reparacionsvic.com\/#\/schema\/person\/a3a39d5fe7358c22dc5dd10f448946df","name":"Soporte","url":"https:\/\/reparacionsvic.com\/es\/author\/soporte\/"}]}},"_links":{"self":[{"href":"https:\/\/reparacionsvic.com\/es\/wp-json\/wp\/v2\/posts\/442","targetHints":{"allow":["GET"]}}],"collection":[{"href":"https:\/\/reparacionsvic.com\/es\/wp-json\/wp\/v2\/posts"}],"about":[{"href":"https:\/\/reparacionsvic.com\/es\/wp-json\/wp\/v2\/types\/post"}],"author":[{"embeddable":true,"href":"https:\/\/reparacionsvic.com\/es\/wp-json\/wp\/v2\/users\/2"}],"replies":[{"embeddable":true,"href":"https:\/\/reparacionsvic.com\/es\/wp-json\/wp\/v2\/comments?post=442"}],"version-history":[{"count":3,"href":"https:\/\/reparacionsvic.com\/es\/wp-json\/wp\/v2\/posts\/442\/revisions"}],"predecessor-version":[{"id":974,"href":"https:\/\/reparacionsvic.com\/es\/wp-json\/wp\/v2\/posts\/442\/revisions\/974"}],"wp:featuredmedia":[{"embeddable":true,"href":"https:\/\/reparacionsvic.com\/es\/wp-json\/wp\/v2\/media\/1573"}],"wp:attachment":[{"href":"https:\/\/reparacionsvic.com\/es\/wp-json\/wp\/v2\/media?parent=442"}],"wp:term":[{"taxonomy":"category","embeddable":true,"href":"https:\/\/reparacionsvic.com\/es\/wp-json\/wp\/v2\/categories?post=442"},{"taxonomy":"post_tag","embeddable":true,"href":"https:\/\/reparacionsvic.com\/es\/wp-json\/wp\/v2\/tags?post=442"}],"curies":[{"name":"wp","href":"https:\/\/api.w.org\/{rel}","templated":true}]}}